{"id":162241,"date":"2014-09-03T18:25:43","date_gmt":"2014-09-03T18:25:43","guid":{"rendered":"http:\/\/diariodominicano.ddns.net\/?p=162241"},"modified":"2014-09-03T18:25:43","modified_gmt":"2014-09-03T18:25:43","slug":"pnvc-participa-en-la-xx11-conferencia-centroamericana-y-del-caribe-de-partidos-politicos","status":"publish","type":"post","link":"https:\/\/diariodominicano.com\/?p=162241","title":{"rendered":"&#13;PNVC participa en  la XX11 conferencia Centroamericana y del Caribe de partidos pol\u00edticos."},"content":{"rendered":"<p><body><\/p>\n<p><img decoding=\"async\" src=\"img3\/encuentropartidos.jpg\" \/>  <\/p>\n<\/p>\n<p><span class=\"text1noticias\"> <\/span><\/p>\n<p><span class=\"text1noticias\">Guatemala, 3 de septiembre.- El Partido Nacional de Veteranos y Civiles y sus principales representantes, el presidente y secretario general del PNVC, Juan Cohen y Fernando Casanova, conscientes de la importancia y papel de los partidos pol\u00edticos en la consolidaci\u00f3n de la democracia y la propuesta de integraci\u00f3n centroamericana; as\u00ed como de la necesidad de fortalecer los mismos para que sean reconocidos como entes claves de la institucionalidad democr\u00e1tica, participaron de la XXII Conferencia centroamericana y del Caribe de partidos pol\u00edticos.<\/span><\/p>\n<\/p>\n<p><span class=\"text1noticias\">Los sistemas electorales de la regi\u00f3n fueron los temas analizados durante este foro que se desarroll\u00f3 en Guatemala en el Palacio de la Cultura, con la intenci\u00f3n de contar con debates e intercambio de ideas que promuevan el fortalecimiento de las agrupaciones pol\u00edticas de Centroam\u00e9rica y Rep\u00fablica Dominicana.<\/span><\/p>\n<\/p>\n<p><span class=\"text1noticias\">En la foto junto a diputados de Panam\u00e1, Nicaragua y Guatemala; en el hist\u00f3rico palacio de la cultura de la ciudad de Guatemala.<\/span><\/p>\n<\/p>\n<h6> 2014-09-03 18:25:43 <\/h6>\n<p><!--\n<link rel=\"stylesheet\" href=\"css\/bootstrap.min.css\">\n\n\n<ul class=\"pagination\">\n\t    \n\t\n\n<li >\n\t<a href='?page_no=14666'>Previous<\/a>\n\t<\/li>\n\n\n       \n    \n\n<li><a href='?page_no=1'>1<\/a><\/li>\n\n\n\n<li><a href='?page_no=2'>2<\/a><\/li>\n\n\n\n<li><a>...<\/a><\/li>\n\n\n\n<li><a href='?page_no=14665'>14665<\/a><\/li>\n\n\n\n<li><a href='?page_no=14666'>14666<\/a><\/li>\n\n\n\n<li class='active'><a>14667<\/a><\/li>\n\n\n\n<li><a href='?page_no=14668'>14668<\/a><\/li>\n\n\n\n<li><a href='?page_no=14669'>14669<\/a><\/li>\n\n\n\n<li><a>...<\/a><\/li>\n\n\n\n<li><a href='?page_no=36999'>36999<\/a><\/li>\n\n\n\n<li><a href='?page_no=37000'>37000<\/a><\/li>\n\n    \n\t\n\n<li >\n\t<a href='?page_no=14668'>Next<\/a>\n\t<\/li>\n\n\n    \n\n<li><a href='?page_no=37000'>Last &rsaquo;&rsaquo;<\/a><\/li>\n\n<\/ul>\n\n\n--><br \/>\n<\/body><\/p>\n","protected":false},"excerpt":{"rendered":"<p>Guatemala, 3 de septiembre.- El Partido Nacional de Veteranos y Civiles y sus principales representantes, el presidente y secretario general del PNVC, Juan Cohen y Fernando Casanova, conscientes de la importancia y papel de los partidos pol\u00edticos en la consolidaci\u00f3n de la democracia y la propuesta de integraci\u00f3n centroamericana; as\u00ed como de la necesidad de [&hellip;]<\/p>\n","protected":false},"author":3,"featured_media":0,"comment_status":"open","ping_status":"open","sticky":false,"template":"","format":"standard","meta":{"footnotes":""},"categories":[22],"tags":[],"class_list":["post-162241","post","type-post","status-publish","format-standard","hentry","category-politica"],"_links":{"self":[{"href":"https:\/\/diariodominicano.com\/index.php?rest_route=\/wp\/v2\/posts\/162241","targetHints":{"allow":["GET"]}}],"collection":[{"href":"https:\/\/diariodominicano.com\/index.php?rest_route=\/wp\/v2\/posts"}],"about":[{"href":"https:\/\/diariodominicano.com\/index.php?rest_route=\/wp\/v2\/types\/post"}],"author":[{"embeddable":true,"href":"https:\/\/diariodominicano.com\/index.php?rest_route=\/wp\/v2\/users\/3"}],"replies":[{"embeddable":true,"href":"https:\/\/diariodominicano.com\/index.php?rest_route=%2Fwp%2Fv2%2Fcomments&post=162241"}],"version-history":[{"count":0,"href":"https:\/\/diariodominicano.com\/index.php?rest_route=\/wp\/v2\/posts\/162241\/revisions"}],"wp:attachment":[{"href":"https:\/\/diariodominicano.com\/index.php?rest_route=%2Fwp%2Fv2%2Fmedia&parent=162241"}],"wp:term":[{"taxonomy":"category","embeddable":true,"href":"https:\/\/diariodominicano.com\/index.php?rest_route=%2Fwp%2Fv2%2Fcategories&post=162241"},{"taxonomy":"post_tag","embeddable":true,"href":"https:\/\/diariodominicano.com\/index.php?rest_route=%2Fwp%2Fv2%2Ftags&post=162241"}],"curies":[{"name":"wp","href":"https:\/\/api.w.org\/{rel}","templated":true}]}}