{"id":162240,"date":"2014-09-03T18:35:53","date_gmt":"2014-09-03T18:35:53","guid":{"rendered":"http:\/\/diariodominicano.ddns.net\/?p=162240"},"modified":"2014-09-03T18:35:53","modified_gmt":"2014-09-03T18:35:53","slug":"otra-vez-se-hace-sentir-diferencia-entre-prd-y-asd","status":"publish","type":"post","link":"https:\/\/diariodominicano.com\/?p=162240","title":{"rendered":"&#13; &#13;Otra vez se hace sentir diferencia entre PRD y ASD"},"content":{"rendered":"<p><body><\/p>\n<p><img decoding=\"async\" src=\"img3\/aroyo 3.jpg\" \/><br \/><img decoding=\"async\" src=\"img3\/rudy 2.jpg\" \/><br \/><img decoding=\"async\" src=\"img3\/radhames 1.jpg\" \/>  <\/p>\n<p>Santo Domingo RD 3 septiembre.- La diferencia entre miembros del Partido Revolucionario Dominicano (PRD) y experrede\u00edstas se puso de manifiesto nuevamente ayer durante la sesi\u00f3n de la C\u00e1mara de Diputados.<\/p>\n<\/p>\n<p>Todo inici\u00f3 cuando el presidente de la C\u00e1mara de Diputados, Abel Mart\u00ednez, solicit\u00f3 cambio de curules para agrupar dentro del hemiciclo a los legisladores del PRD en un lugar  y los de  ASD en otro.<\/p>\n<\/p>\n<p>De inmediato, el diputado perrede\u00edsta Radham\u00e9s Ramos Garc\u00eda tom\u00f3 un turno para pedirle a Mart\u00ednez dejar \u00abtodo como estaba\u00bb, en el entendido de que a pesar de existir diferencias pol\u00edticas entre ellos, no eran enemigos. <\/p>\n<\/p>\n<p>De su lado, el vocero del PRD, Ruddy Gonz\u00e1lez, propuso que el cambio de curules se postergara por 20 d\u00edas. \u00abExtienda la medida por una tiempo, presidente, porque creo que todav\u00eda estamos a tiempo\u00bb, expuso el congresista de la provincia de Azua, sin entrar en mayores detalles al respecto.<\/p>\n<\/p>\n<p>De su lado, Nelson Arroyo, vocero de la ASD, lament\u00f3 la discusi\u00f3n generada en la sesi\u00f3n y critic\u00f3 a sus excompa\u00f1eros de partido por su actitud. Pero yo le pido al PRD que nos permitan mudarnos en paz, porque nosotros nos sentimos como los hijos que su pap\u00e1 bot\u00f3 de la casa\u00bb, manifest\u00f3. Tras unos 25 minutos de discusi\u00f3n por el cambio de curules, las aguas volvieron a su nivel.<\/p>\n<\/p>\n<h6> 2014-09-03 18:35:53 <\/h6>\n<p><!--\n<link rel=\"stylesheet\" href=\"css\/bootstrap.min.css\">\n\n\n<ul class=\"pagination\">\n\t    \n\t\n\n<li >\n\t<a href='?page_no=14665'>Previous<\/a>\n\t<\/li>\n\n\n       \n    \n\n<li><a href='?page_no=1'>1<\/a><\/li>\n\n\n\n<li><a href='?page_no=2'>2<\/a><\/li>\n\n\n\n<li><a>...<\/a><\/li>\n\n\n\n<li><a href='?page_no=14664'>14664<\/a><\/li>\n\n\n\n<li><a href='?page_no=14665'>14665<\/a><\/li>\n\n\n\n<li class='active'><a>14666<\/a><\/li>\n\n\n\n<li><a href='?page_no=14667'>14667<\/a><\/li>\n\n\n\n<li><a href='?page_no=14668'>14668<\/a><\/li>\n\n\n\n<li><a>...<\/a><\/li>\n\n\n\n<li><a href='?page_no=36999'>36999<\/a><\/li>\n\n\n\n<li><a href='?page_no=37000'>37000<\/a><\/li>\n\n    \n\t\n\n<li >\n\t<a href='?page_no=14667'>Next<\/a>\n\t<\/li>\n\n\n    \n\n<li><a href='?page_no=37000'>Last &rsaquo;&rsaquo;<\/a><\/li>\n\n<\/ul>\n\n\n--><br \/>\n<\/body><\/p>\n","protected":false},"excerpt":{"rendered":"<p>Santo Domingo RD 3 septiembre.- La diferencia entre miembros del Partido Revolucionario Dominicano (PRD) y experrede\u00edstas se puso de manifiesto nuevamente ayer durante la sesi\u00f3n de la C\u00e1mara de Diputados. Todo inici\u00f3 cuando el presidente de la C\u00e1mara de Diputados, Abel Mart\u00ednez, solicit\u00f3 cambio de curules para agrupar dentro del hemiciclo a los legisladores del [&hellip;]<\/p>\n","protected":false},"author":3,"featured_media":0,"comment_status":"open","ping_status":"open","sticky":false,"template":"","format":"standard","meta":{"footnotes":""},"categories":[22],"tags":[],"class_list":["post-162240","post","type-post","status-publish","format-standard","hentry","category-politica"],"_links":{"self":[{"href":"https:\/\/diariodominicano.com\/index.php?rest_route=\/wp\/v2\/posts\/162240","targetHints":{"allow":["GET"]}}],"collection":[{"href":"https:\/\/diariodominicano.com\/index.php?rest_route=\/wp\/v2\/posts"}],"about":[{"href":"https:\/\/diariodominicano.com\/index.php?rest_route=\/wp\/v2\/types\/post"}],"author":[{"embeddable":true,"href":"https:\/\/diariodominicano.com\/index.php?rest_route=\/wp\/v2\/users\/3"}],"replies":[{"embeddable":true,"href":"https:\/\/diariodominicano.com\/index.php?rest_route=%2Fwp%2Fv2%2Fcomments&post=162240"}],"version-history":[{"count":0,"href":"https:\/\/diariodominicano.com\/index.php?rest_route=\/wp\/v2\/posts\/162240\/revisions"}],"wp:attachment":[{"href":"https:\/\/diariodominicano.com\/index.php?rest_route=%2Fwp%2Fv2%2Fmedia&parent=162240"}],"wp:term":[{"taxonomy":"category","embeddable":true,"href":"https:\/\/diariodominicano.com\/index.php?rest_route=%2Fwp%2Fv2%2Fcategories&post=162240"},{"taxonomy":"post_tag","embeddable":true,"href":"https:\/\/diariodominicano.com\/index.php?rest_route=%2Fwp%2Fv2%2Ftags&post=162240"}],"curies":[{"name":"wp","href":"https:\/\/api.w.org\/{rel}","templated":true}]}}