{"id":162238,"date":"2014-09-03T19:38:43","date_gmt":"2014-09-03T19:38:43","guid":{"rendered":"http:\/\/diariodominicano.ddns.net\/?p=162238"},"modified":"2014-09-03T19:38:43","modified_gmt":"2014-09-03T19:38:43","slug":"pld-entrega-su-informe-sobre-proyecto-de-ley-de-partidos-politicos-a-su-bloque-de-diputados-con-recomendaciones-del-cp","status":"publish","type":"post","link":"https:\/\/diariodominicano.com\/?p=162238","title":{"rendered":"&#13;&#13;&#13;PLD entrega su informe sobre proyecto de Ley de Partidos Pol\u00edticos a su Bloque de diputados con recomendaciones del CP"},"content":{"rendered":"<p><body><\/p>\n<p><img decoding=\"async\" src=\"img3\/alburquerque.jpg\" \/>  <\/p>\n<\/p>\n<\/p>\n<p><span class=\"text1noticias\"> <\/span><\/p>\n<p><span class=\"text1noticias\">Santo Domingo, RD, 3 de septiembre.- El Partido de la Liberaci\u00f3n Dominicana (PLD) entreg\u00f3 este mi\u00e9rcoles a sus congresistas la posici\u00f3n oficial de la organizaci\u00f3n con relaci\u00f3n al Proyecto de Ley de Partidos Pol\u00edticos emanada de luego de an\u00e1lisis y deliberaciones sobre el proyecto presentado al congreso por la Junta Central Electoral.<\/span><\/p>\n<p><span class=\"text1noticias\"> <\/span><\/p>\n<p><span class=\"text1noticias\">Una comisi\u00f3n del Comit\u00e9 Pol\u00edtico entreg\u00f3 a los diputados y diputadas peledeistas el informe con la postura de la organizaci\u00f3n que se sustentar\u00e1 en el momento en que el tema se coloque en la agenda.<\/span><\/p>\n<p><span class=\"text1noticias\"> <\/span><\/p>\n<p><span class=\"text1noticias\">La comisi\u00f3n arrib\u00f3 a la c\u00e1mara baja pasada las 11:30 de ma\u00f1ana bajo la coordinaci\u00f3n del ex vicepresidente de la Rep\u00fablica Rafael Alburquerque y los  miembros del CP, Reinaldo Pared P\u00e9rez,  secretario general, Cesar Pina Toribio, Abel Mart\u00ednez, C\u00e9sar Pina Toribio, Radham\u00e9s Camacho, Julio C\u00e9sar Valent\u00edn y Miriam Cabral.<\/span><\/p>\n<p><span class=\"text1noticias\"> <\/span><\/p>\n<p><span class=\"text1noticias\">Los integrantes de la comisi\u00f3n hab\u00edan estudiado el proyecto y previamente rindi\u00f3 un informe al Comit\u00e9 Pol\u00edtico, luego de introducidas las correcciones, modificaciones y enmiendas.<\/span><\/p>\n<p><span class=\"text1noticias\"> <\/span><\/p>\n<p><span class=\"text1noticias\">\u00abEspero que los dem\u00e1s partidos que integran el bloque progresista tambi\u00e9n hagan sus sugerencias y recomendaciones cuando en los pr\u00f3ximos d\u00edas le sea remitido este documentos que entregamos hoy\u00bb, manifest\u00f3 Rafael Alburquerque al anunciar que entregar\u00e1n a sus aliados la decisi\u00f3n adoptada<\/span><\/p>\n<p><span class=\"text1noticias\"> <\/span><\/p>\n<p><span class=\"text1noticias\">El pasado lunes el Comit\u00e9 Pol\u00edtico del PLD afin\u00f3 algunos detalles del informe  sobre el proyecto de Ley de Partidos Pol\u00edticos fijando la posici\u00f3n definitiva que asumir\u00e1 esa organizaci\u00f3n en las discusiones en las sesiones de la C\u00e1mara de Diputados y el Senado de la Rep\u00fablica.<\/span><\/p>\n<p><span class=\"text1noticias\"> <\/span><\/p>\n<p><span class=\"text1noticias\">\u00abEspero que sea aprobado brevemente por el Congreso, en beneficio de todo el pa\u00eds\u00bb, acot\u00f3 el dirigente en nota divulgada por su partido a trav\u00e9s de la Secretar\u00eda de Comunicaciones.<\/span><\/p>\n<p><span class=\"text1noticias\"> <\/span><\/p>\n<p><span class=\"text1noticias\">Apunta que los trabajos se hicieron sobre el proyecto remitido por la Junta Central Electoral  al Congreso y que con las recomendaciones fue aprobado la v\u00edspera por la mayor\u00eda de voto en la reuni\u00f3n del Comit\u00e9 Pol\u00edtico<\/span><\/p>\n<p><span class=\"text1noticias\"> <\/span><\/p>\n<p><span class=\"text1noticias\">\u00abEstaremos en contacto permanente con el bloque con la finalidad de que este proyecto sea aprobado por el Congreso Nacional y que lo sea para los mejores intereses del pa\u00eds y de los partidos pol\u00edticos de la naci\u00f3n\u00bb, concluy\u00f3<\/span><\/p>\n<\/p>\n<h6> 2014-09-03 19:38:43 <\/h6>\n<p><!--\n<link rel=\"stylesheet\" href=\"css\/bootstrap.min.css\">\n\n\n<ul class=\"pagination\">\n\t    \n\t\n\n<li >\n\t<a href='?page_no=14663'>Previous<\/a>\n\t<\/li>\n\n\n       \n    \n\n<li><a href='?page_no=1'>1<\/a><\/li>\n\n\n\n<li><a href='?page_no=2'>2<\/a><\/li>\n\n\n\n<li><a>...<\/a><\/li>\n\n\n\n<li><a href='?page_no=14662'>14662<\/a><\/li>\n\n\n\n<li><a href='?page_no=14663'>14663<\/a><\/li>\n\n\n\n<li class='active'><a>14664<\/a><\/li>\n\n\n\n<li><a href='?page_no=14665'>14665<\/a><\/li>\n\n\n\n<li><a href='?page_no=14666'>14666<\/a><\/li>\n\n\n\n<li><a>...<\/a><\/li>\n\n\n\n<li><a href='?page_no=36999'>36999<\/a><\/li>\n\n\n\n<li><a href='?page_no=37000'>37000<\/a><\/li>\n\n    \n\t\n\n<li >\n\t<a href='?page_no=14665'>Next<\/a>\n\t<\/li>\n\n\n    \n\n<li><a href='?page_no=37000'>Last &rsaquo;&rsaquo;<\/a><\/li>\n\n<\/ul>\n\n\n--><br \/>\n<\/body><\/p>\n","protected":false},"excerpt":{"rendered":"<p>Santo Domingo, RD, 3 de septiembre.- El Partido de la Liberaci\u00f3n Dominicana (PLD) entreg\u00f3 este mi\u00e9rcoles a sus congresistas la posici\u00f3n oficial de la organizaci\u00f3n con relaci\u00f3n al Proyecto de Ley de Partidos Pol\u00edticos emanada de luego de an\u00e1lisis y deliberaciones sobre el proyecto presentado al congreso por la Junta Central Electoral. Una comisi\u00f3n del [&hellip;]<\/p>\n","protected":false},"author":3,"featured_media":0,"comment_status":"open","ping_status":"open","sticky":false,"template":"","format":"standard","meta":{"footnotes":""},"categories":[22],"tags":[],"class_list":["post-162238","post","type-post","status-publish","format-standard","hentry","category-politica"],"_links":{"self":[{"href":"https:\/\/diariodominicano.com\/index.php?rest_route=\/wp\/v2\/posts\/162238","targetHints":{"allow":["GET"]}}],"collection":[{"href":"https:\/\/diariodominicano.com\/index.php?rest_route=\/wp\/v2\/posts"}],"about":[{"href":"https:\/\/diariodominicano.com\/index.php?rest_route=\/wp\/v2\/types\/post"}],"author":[{"embeddable":true,"href":"https:\/\/diariodominicano.com\/index.php?rest_route=\/wp\/v2\/users\/3"}],"replies":[{"embeddable":true,"href":"https:\/\/diariodominicano.com\/index.php?rest_route=%2Fwp%2Fv2%2Fcomments&post=162238"}],"version-history":[{"count":0,"href":"https:\/\/diariodominicano.com\/index.php?rest_route=\/wp\/v2\/posts\/162238\/revisions"}],"wp:attachment":[{"href":"https:\/\/diariodominicano.com\/index.php?rest_route=%2Fwp%2Fv2%2Fmedia&parent=162238"}],"wp:term":[{"taxonomy":"category","embeddable":true,"href":"https:\/\/diariodominicano.com\/index.php?rest_route=%2Fwp%2Fv2%2Fcategories&post=162238"},{"taxonomy":"post_tag","embeddable":true,"href":"https:\/\/diariodominicano.com\/index.php?rest_route=%2Fwp%2Fv2%2Ftags&post=162238"}],"curies":[{"name":"wp","href":"https:\/\/api.w.org\/{rel}","templated":true}]}}