{"id":162237,"date":"2014-09-03T19:49:04","date_gmt":"2014-09-03T19:49:04","guid":{"rendered":"http:\/\/diariodominicano.ddns.net\/?p=162237"},"modified":"2014-09-03T19:49:04","modified_gmt":"2014-09-03T19:49:04","slug":"seccional-del-pld-en-ny-apoya-decision-del-presidente-danilo-medina","status":"publish","type":"post","link":"https:\/\/diariodominicano.com\/?p=162237","title":{"rendered":"&#13;Seccional del PLD en NY apoya decisi\u00f3n del Presidente Danilo Medina"},"content":{"rendered":"<p><body><\/p>\n<p><img decoding=\"async\" src=\"img3\/cortorreal.jpb.jpg\" \/>  <\/p>\n<\/p>\n<p><span class=\"text1noticias\">Nueva York, EEUU, 3 de septiembre.- Para el Partido de la Liberaci\u00f3n Dominicana (PLD) en aqu\u00ed la decisi\u00f3n del Presidente de la Rep\u00fablica Danilo Medina de objetar el proyecto de Ley que convierte a Loma Miranda en un parque nacional es una postura correcta y a favor de los intereses populares<\/span><\/p>\n<\/p>\n<p><span class=\"text1noticias\">\u00abPLD, en la ciudad de Nueva York, apoya de manera un\u00e1nime la decisi\u00f3n tomada por nuestro Presidente Danilo Medina con relaci\u00f3n a Loma Miranda, considerando que es una apreciaci\u00f3n correcta de un estadista que se preocupa por los mejores intereses del pueblo dominicano\u00bb se precisa en documento de la seccional new yorkina firmada por su presidente Frank Cortorreal, quien es el Embajador de Rep\u00fablica Dominicana ante las Naciones Unidas<\/span><\/p>\n<\/p>\n<p><span class=\"text1noticias\">Se destaca los altos niveles de valoraci\u00f3n y confianza de la poblaci\u00f3n en las ejecutorias del Presidente Danilo Medina para precisar la credibilidad de sus acciones<\/span><\/p>\n<\/p>\n<p><span class=\"text1noticias\">\u00abEl pueblo tiene confianza en nuestro Presidente, por eso mantiene una valorizaci\u00f3n nunca vista por las medidas tomadas a favor de nuestro pa\u00eds, como lo hizo anteriormente en el caso de la Barrick Gold, el caso de Bah\u00eda de las \u00c1guilas y de la Sentencia 168-13\u00bb se apunta en el documento despachado en el pa\u00eds por la Secretar\u00eda de Comunicaciones del PLD<\/span><\/p>\n<\/p>\n<p><span class=\"text1noticias\">El PLD en Nueva York llama al pueblo a confiar en el Presidente, quien como gobernante viene cumpliendo las promesas y compromisos que ha asumido: \u00abNuestra Seccional del Partido de la Liberaci\u00f3n Dominicana exhorta a la comunidad y al pueblo dominicano apoyar las medidas tomadas por el presidente y no dejarse confundir de sectores ajenos al progreso y desarrollo del pueblo dominicano\u00bb, concluy\u00f3<\/span><\/p>\n<h6> 2014-09-03 19:49:04 <\/h6>\n<p><!--\n<link rel=\"stylesheet\" href=\"css\/bootstrap.min.css\">\n\n\n<ul class=\"pagination\">\n\t    \n\t\n\n<li >\n\t<a href='?page_no=14662'>Previous<\/a>\n\t<\/li>\n\n\n       \n    \n\n<li><a href='?page_no=1'>1<\/a><\/li>\n\n\n\n<li><a href='?page_no=2'>2<\/a><\/li>\n\n\n\n<li><a>...<\/a><\/li>\n\n\n\n<li><a href='?page_no=14661'>14661<\/a><\/li>\n\n\n\n<li><a href='?page_no=14662'>14662<\/a><\/li>\n\n\n\n<li class='active'><a>14663<\/a><\/li>\n\n\n\n<li><a href='?page_no=14664'>14664<\/a><\/li>\n\n\n\n<li><a href='?page_no=14665'>14665<\/a><\/li>\n\n\n\n<li><a>...<\/a><\/li>\n\n\n\n<li><a href='?page_no=36999'>36999<\/a><\/li>\n\n\n\n<li><a href='?page_no=37000'>37000<\/a><\/li>\n\n    \n\t\n\n<li >\n\t<a href='?page_no=14664'>Next<\/a>\n\t<\/li>\n\n\n    \n\n<li><a href='?page_no=37000'>Last &rsaquo;&rsaquo;<\/a><\/li>\n\n<\/ul>\n\n\n--><br \/>\n<\/body><\/p>\n","protected":false},"excerpt":{"rendered":"<p>Nueva York, EEUU, 3 de septiembre.- Para el Partido de la Liberaci\u00f3n Dominicana (PLD) en aqu\u00ed la decisi\u00f3n del Presidente de la Rep\u00fablica Danilo Medina de objetar el proyecto de Ley que convierte a Loma Miranda en un parque nacional es una postura correcta y a favor de los intereses populares \u00abPLD, en la ciudad [&hellip;]<\/p>\n","protected":false},"author":3,"featured_media":0,"comment_status":"open","ping_status":"open","sticky":false,"template":"","format":"standard","meta":{"footnotes":""},"categories":[22],"tags":[],"class_list":["post-162237","post","type-post","status-publish","format-standard","hentry","category-politica"],"_links":{"self":[{"href":"https:\/\/diariodominicano.com\/index.php?rest_route=\/wp\/v2\/posts\/162237","targetHints":{"allow":["GET"]}}],"collection":[{"href":"https:\/\/diariodominicano.com\/index.php?rest_route=\/wp\/v2\/posts"}],"about":[{"href":"https:\/\/diariodominicano.com\/index.php?rest_route=\/wp\/v2\/types\/post"}],"author":[{"embeddable":true,"href":"https:\/\/diariodominicano.com\/index.php?rest_route=\/wp\/v2\/users\/3"}],"replies":[{"embeddable":true,"href":"https:\/\/diariodominicano.com\/index.php?rest_route=%2Fwp%2Fv2%2Fcomments&post=162237"}],"version-history":[{"count":0,"href":"https:\/\/diariodominicano.com\/index.php?rest_route=\/wp\/v2\/posts\/162237\/revisions"}],"wp:attachment":[{"href":"https:\/\/diariodominicano.com\/index.php?rest_route=%2Fwp%2Fv2%2Fmedia&parent=162237"}],"wp:term":[{"taxonomy":"category","embeddable":true,"href":"https:\/\/diariodominicano.com\/index.php?rest_route=%2Fwp%2Fv2%2Fcategories&post=162237"},{"taxonomy":"post_tag","embeddable":true,"href":"https:\/\/diariodominicano.com\/index.php?rest_route=%2Fwp%2Fv2%2Ftags&post=162237"}],"curies":[{"name":"wp","href":"https:\/\/api.w.org\/{rel}","templated":true}]}}