{"id":162235,"date":"2014-09-03T20:13:19","date_gmt":"2014-09-03T20:13:19","guid":{"rendered":"http:\/\/diariodominicano.ddns.net\/?p=162235"},"modified":"2014-09-03T20:13:19","modified_gmt":"2014-09-03T20:13:19","slug":"guillermo-moreno-danilo-medina-se-quito-la-careta-al-observar-ley-de-loma-miranda","status":"publish","type":"post","link":"https:\/\/diariodominicano.com\/?p=162235","title":{"rendered":"&#13;&#13;Guillermo Moreno: Danilo Medina se quit\u00f3 la careta al observar ley de Loma Miranda&#13;"},"content":{"rendered":"<p><body><\/p>\n<p><img decoding=\"async\" src=\"img3\/moreno.jpg\" \/>  <\/p>\n<\/p>\n<p><span class=\"text1noticias\">Santo Domingo, RD, 3 de septiembre.- El presidente de Alianza Pa\u00eds, Guillermo Moreno, consider\u00f3  que, al observar la ley que declara a Loma Miranda parque nacional, el presidente Danilo Medina se despoj\u00f3 de su careta para demostrar que su Gobierno no representa a la ciudadan\u00eda sino a los intereses econ\u00f3micos nacionales e internacionales.<\/span><\/p>\n<p><span class=\"text1noticias\"> <\/span><\/p>\n<p><span class=\"text1noticias\">Seg\u00fan Moreno, al presidente Danilo Medina  le bast\u00f3 un comunicado  de FALCONDO y otro del CONEP para que mostrara su verdadera naturaleza como gobernante, desconociendo de plano los informes de la Academia de Ciencias, el Programa de Naciones Unidas para el Desarrollo (PNUD), las disposiciones de varios tribunales y las manifestaciones de cientos de organizaciones sociales y religiosas de todo el pa\u00eds.<\/span><\/p>\n<\/p>\n<p><span class=\"text1noticias\">\u00abDanilo est\u00e1 atrapado en su laberinto. Por eso, a nadie debe sorprender que incline su balanza a favor Falcondo coloc\u00e1ndose de espalda al inter\u00e9s de la naci\u00f3n. Esa es su verdadera naturaleza, como la de la mayor\u00eda de la c\u00fapula dirigencial de su partido. En ellos no hay una sola onza de la dignidad ni del patriotismo de Juan Bosch. Son una verg\u00fcenza\u00bb, expres\u00f3 el dirigente pol\u00edtico mediante un comunicado.<\/span><\/p>\n<h6> 2014-09-03 20:13:19 <\/h6>\n<p><!--\n<link rel=\"stylesheet\" href=\"css\/bootstrap.min.css\">\n\n\n<ul class=\"pagination\">\n\t    \n\t\n\n<li >\n\t<a href='?page_no=14660'>Previous<\/a>\n\t<\/li>\n\n\n       \n    \n\n<li><a href='?page_no=1'>1<\/a><\/li>\n\n\n\n<li><a href='?page_no=2'>2<\/a><\/li>\n\n\n\n<li><a>...<\/a><\/li>\n\n\n\n<li><a href='?page_no=14659'>14659<\/a><\/li>\n\n\n\n<li><a href='?page_no=14660'>14660<\/a><\/li>\n\n\n\n<li class='active'><a>14661<\/a><\/li>\n\n\n\n<li><a href='?page_no=14662'>14662<\/a><\/li>\n\n\n\n<li><a href='?page_no=14663'>14663<\/a><\/li>\n\n\n\n<li><a>...<\/a><\/li>\n\n\n\n<li><a href='?page_no=36999'>36999<\/a><\/li>\n\n\n\n<li><a href='?page_no=37000'>37000<\/a><\/li>\n\n    \n\t\n\n<li >\n\t<a href='?page_no=14662'>Next<\/a>\n\t<\/li>\n\n\n    \n\n<li><a href='?page_no=37000'>Last &rsaquo;&rsaquo;<\/a><\/li>\n\n<\/ul>\n\n\n--><br \/>\n<\/body><\/p>\n","protected":false},"excerpt":{"rendered":"<p>Santo Domingo, RD, 3 de septiembre.- El presidente de Alianza Pa\u00eds, Guillermo Moreno, consider\u00f3 que, al observar la ley que declara a Loma Miranda parque nacional, el presidente Danilo Medina se despoj\u00f3 de su careta para demostrar que su Gobierno no representa a la ciudadan\u00eda sino a los intereses econ\u00f3micos nacionales e internacionales. Seg\u00fan Moreno, [&hellip;]<\/p>\n","protected":false},"author":3,"featured_media":0,"comment_status":"open","ping_status":"open","sticky":false,"template":"","format":"standard","meta":{"footnotes":""},"categories":[22],"tags":[],"class_list":["post-162235","post","type-post","status-publish","format-standard","hentry","category-politica"],"_links":{"self":[{"href":"https:\/\/diariodominicano.com\/index.php?rest_route=\/wp\/v2\/posts\/162235","targetHints":{"allow":["GET"]}}],"collection":[{"href":"https:\/\/diariodominicano.com\/index.php?rest_route=\/wp\/v2\/posts"}],"about":[{"href":"https:\/\/diariodominicano.com\/index.php?rest_route=\/wp\/v2\/types\/post"}],"author":[{"embeddable":true,"href":"https:\/\/diariodominicano.com\/index.php?rest_route=\/wp\/v2\/users\/3"}],"replies":[{"embeddable":true,"href":"https:\/\/diariodominicano.com\/index.php?rest_route=%2Fwp%2Fv2%2Fcomments&post=162235"}],"version-history":[{"count":0,"href":"https:\/\/diariodominicano.com\/index.php?rest_route=\/wp\/v2\/posts\/162235\/revisions"}],"wp:attachment":[{"href":"https:\/\/diariodominicano.com\/index.php?rest_route=%2Fwp%2Fv2%2Fmedia&parent=162235"}],"wp:term":[{"taxonomy":"category","embeddable":true,"href":"https:\/\/diariodominicano.com\/index.php?rest_route=%2Fwp%2Fv2%2Fcategories&post=162235"},{"taxonomy":"post_tag","embeddable":true,"href":"https:\/\/diariodominicano.com\/index.php?rest_route=%2Fwp%2Fv2%2Ftags&post=162235"}],"curies":[{"name":"wp","href":"https:\/\/api.w.org\/{rel}","templated":true}]}}