{"id":162234,"date":"2014-09-03T22:14:13","date_gmt":"2014-09-03T22:14:13","guid":{"rendered":"http:\/\/diariodominicano.ddns.net\/?p=162234"},"modified":"2014-09-03T22:14:13","modified_gmt":"2014-09-03T22:14:13","slug":"considera-erratico-llevar-a-juliana-deguis-a-congreso-en-espana-en-calidad-de-apatrida","status":"publish","type":"post","link":"https:\/\/diariodominicano.com\/?p=162234","title":{"rendered":"Considera err\u00e1tico llevar a Juliana Deguis a congreso en Espa\u00f1a en calidad de ap\u00e1trida"},"content":{"rendered":"<p><body><\/p>\n<p><img decoding=\"async\" src=\"img3\/miguel.jpg\" \/>  <\/p>\n<p><span class=\"text1noticias\">Santo Domingo, RD, 3 de Septiembre.-El Movimiento Izquierda Unida (MIU) consider\u00f3 un ejercicio desacertado del Representante de la Oficina del Alto Comisionado de las Naciones Unidas para los Refugiados (ACNUR) en Rep\u00fablica Dominicana, Gonzalo Vargas Llosa, de llevar a la se\u00f1ora Juliana Deguis Pierre a un congreso internacional en Espa\u00f1a sobre la apatridia, cuando en realidad ella no tiene esa condici\u00f3n.<\/span><\/p>\n<\/p>\n<p><span class=\"text1noticias\">La organizaci\u00f3n pol\u00edtica que lidera Miguel Mej\u00eda, consider\u00f3 que el lamentable caso de Vargas Llosa pone en el tapete, de manera dram\u00e1tica, que la par\u00e1lisis de la ONU y sus principales agencias, a la hora de enfrentar retos humanitarios, verdaderamente urgentes y colosales, como los desastres de las guerras en Irak y Siria no es s\u00f3lo resultado de su incapacidad y las deformaciones burocr\u00e1ticas de origen, sino de la ineptitud err\u00e1tica y la premeditaci\u00f3n interesada de muchos de sus funcionarios.<\/span><\/p>\n<\/p>\n<p><strong><span class=\"text1noticias\">Loma Miranda<\/span><\/strong><\/p>\n<\/p>\n<p><span class=\"text1noticias\">El Secretario General del MIU habl\u00f3 en rueda de prensa en presencia de la Direcci\u00f3n Nacional de su partido, ocasi\u00f3n en que aprovech\u00f3 para plantear que la organizaci\u00f3n pol\u00edtica que dirige hubiese prferido que el Presidente Danilo Medina declarase Parque Nacional a Loma Miranda, sin embargo, respet\u00f3 la Observaci\u00f3n al Proyecto de Ley dijo que el Jefe de Estado actu\u00f3 respetando la facultad que en ese sentido le otorga la Constituci\u00f3n.<\/span><\/p>\n<\/p>\n<p><span class=\"text1noticias\">Colocamos \u00edntegro el texto que sobre la posici\u00f3n de defensa a los mejores intereses del pueblo y del Estado dominicano sustenta el MIU, bajo las directrices de su Secretario General, Miguel Mej\u00eda:<\/span><\/p>\n<p><span class=\"text1noticias\">Gonzalo Vargas Llosa: una lamentable historia de demagogia global.<\/span><\/p>\n<\/p>\n<p><span class=\"text1noticias\">Si nunca segundas partes fueron buenas, como afirma el refr\u00e1n popular, en el caso de Gonzalo Vargas Llosa, hijo menor del Premio Nobel de Literatura, de igual apellido, es la prueba palmaria. Representante de la Oficina del Alto Comisionado de las Naciones Unidas para los Refugiados (ACNUR), en Rep\u00fablica Dominicana, es ya c\u00e9lebre por sus continuos desaciertos y manipulaciones demag\u00f3gicas alrededor del tema de la emigraci\u00f3n ilegal haitiana hacia nuestro pa\u00eds. <\/span><\/p>\n<\/p>\n<p><span class=\"text1noticias\">El  m\u00e1s reciente episodio de este follet\u00edn absurdo ha sido su auspicio oficial, junto a nebulosas fundaciones norteamericanas, para que Juliana Deguis Pierre asista a un congreso internacional, a celebrarse en Espa\u00f1a, sobre la apatridia.<\/span><\/p>\n<\/p>\n<p><span class=\"text1noticias\">Lo menos importante para el se\u00f1or Gonzalo Vargas Llosa es que la se\u00f1ora Deguis, y muchos otros de sus compatriotas incluidos en el Plan de Regularizaci\u00f3n para extranjeros indocumentados, puesto en vigor por el gobierno dominicano, ya recibi\u00f3 su c\u00e9dula de identidad y pr\u00f3ximamente su pasaporte, por lo tanto, no puede pretender presentarse como ap\u00e1trida, ni hablar a nombre de los ap\u00e1tridas, porque no lo es.<\/span><\/p>\n<\/p>\n<p><span class=\"text1noticias\">Lo m\u00e1s preocupante de esta situaci\u00f3n no es el hecho de que un representante oficial de un organismo de las Naciones Unidas actu\u00e9 de manera torva y de mala fe, de forma consciente y alevosa, para empa\u00f1ar la imagen internacional de la Rep\u00fablica Dominicana; no lo es, siquiera, que con toda intenci\u00f3n, y trabajando  para  terceros, atice las campa\u00f1as en su contra y fomente falsas crisis de apatridia en el Caribe, cuando a este problema, que afecta a m\u00e1s de 12 millones de personas en todo el mundo, se le est\u00e1 dando soluci\u00f3n en la peque\u00f1a Quisqueya , y no existe el menor indicio de que el proceso carece de seriedad. Lo m\u00e1s grave, y realmente preocupante, es en manos de qui\u00e9n est\u00e1n los problemas humanos m\u00e1s acuciantes del mundo globalizado y qui\u00e9nes son los funcionarios de Naciones Unidas que deben encararlos de manera responsable, \u00e9tica e imparcial.<\/span><\/p>\n<\/p>\n<p><span class=\"text1noticias\">El lamentable caso de Gonzalo Vargas Llosa pone en el tapete, de manera dram\u00e1tica, que la par\u00e1lisis de la ONU y sus principales agencias, a la hora de enfrentar retos humanitarios, verdaderamente urgentes y colosales, como los desastres de las guerras en Irak y Siria; el dram\u00e1tico problema de los ni\u00f1os centroamericanos emigrantes ilegales en la frontera de los Estados Unidos, o el escandaloso genocidio del Estado sionista de Israel contra la poblaci\u00f3n civil palestina de Gaza, no es solo resultado de su incapacidad y las deformaciones burocr\u00e1ticas de origen, sino de la ineptitud err\u00e1tica y la premeditaci\u00f3n interesada de muchos de sus funcionarios.<\/span><\/p>\n<\/p>\n<p><span class=\"text1noticias\">En rigor, \u00bfqui\u00e9n y sobre la base de qu\u00e9 credenciales se escoge un representante de la ACNUR, para un pa\u00eds determinado? \u00bfDebe ser a partir de una limpia hoja de resultados concretos; de labores humanitarias en el terreno, en zonas de conflictos, y con una probada trayectoria solidaria, o se decide a partir de que la persona sea un bur\u00f3crata yuppie de apellido ilustre y con residencia, en el caso dominicano, en alguna zona de las m\u00e1s costosas, de esas en que la jet set internacional dispone de mansiones para veranear, cada cierto tiempo?<\/span><\/p>\n<\/p>\n<p><span class=\"text1noticias\">B\u00fasquese la hoja de vida de Gonzalo Vargas Llosa, el flamante creador de la apatridia en Rep\u00fablica Dominicana, y le costar\u00e1 hallar algo m\u00e1s que un pu\u00f1ado de datos dispersos y confusos sobre sus fugaces pasos por Yugoslavia y Afganist\u00e1n. De creer que trabaja desde 1991 para la ACNUR, poco puede mostrar en estos 23 a\u00f1os de servicio, en concreto, salvo declaraciones disparatadas de campeonato, como las formuladas en el 2001 a Sandro Cruz, y publicadas en la Red Voltaire, seg\u00fan las cuales \u00ab&#8230;los talibanes fueron muy simp\u00e1ticos conmigo\u00bb. O el dislate, bot\u00f3n de su superficialidad y desinformaci\u00f3n, al afirmar, en esa misma entrevista, que \u00ab&#8230;el momento m\u00e1s emocionante (en Afganist\u00e1n) fue en abril de 1992, cuando el gobierno instalado por los sovi\u00e9ticos cae y entran los talibanes en Kabul&#8230;\u00bb En rigor, este experto en declarar absurdos, desconoc\u00eda que los talibanes hacen su aparici\u00f3n formal en ese pa\u00eds, en la ciudad de Kandahar, en septiembre de 1994, como coinciden en afirmar todas las fuentes consultadas.<\/span><\/p>\n<\/p>\n<p><span class=\"text1noticias\">Con tales antecedentes, \u00bfpuede extra\u00f1arnos la escandalosa desinformaci\u00f3n y la torva intenci\u00f3n demag\u00f3gica del se\u00f1or  Gonzalo Vargas Llosa, en el caso que nos ocupa? <\/span><\/p>\n<\/p>\n<p><span class=\"text1noticias\">Lamentablemente es m\u00e1s de lo mismo: m\u00e1s desinformaci\u00f3n para el mundo; m\u00e1s descr\u00e9dito para la ACNUR y la ONU; m\u00e1s infamia malintencionada contra el pueblo dominicano; m\u00e1s encargos cumplidos para las fuerzas que, desde las sombras, sabotean constantemente la vida socio-pol\u00edtica, la estabilidad democr\u00e1tica de nuestro pa\u00eds, con fines hegem\u00f3nicos.<\/span><\/p>\n<\/p>\n<p><span class=\"text1noticias\">Lo \u00fanico positivo de esta coyuntura es que brinda a nuestro pueblo, constantemente escarnecido por figurines irresponsables como Gonzalo Vargas Llosa, la posibilidad de exigir a nuestro gobierno, tambi\u00e9n sistem\u00e1ticamente ofendido, que lo declare persona no grata y le pida, con la cortes\u00eda de que este carece, su retirada del pa\u00eds.<\/span><\/p>\n<\/p>\n<p><span class=\"text1noticias\">Ser\u00eda una respuesta digna, la \u00fanica posible, a este representante de la infamia global.(HG)<\/span>.<\/p>\n<h6> 2014-09-03 22:14:13 <\/h6>\n<p><!--\n<link rel=\"stylesheet\" href=\"css\/bootstrap.min.css\">\n\n\n<ul class=\"pagination\">\n\t    \n\t\n\n<li >\n\t<a href='?page_no=14659'>Previous<\/a>\n\t<\/li>\n\n\n       \n    \n\n<li><a href='?page_no=1'>1<\/a><\/li>\n\n\n\n<li><a href='?page_no=2'>2<\/a><\/li>\n\n\n\n<li><a>...<\/a><\/li>\n\n\n\n<li><a href='?page_no=14658'>14658<\/a><\/li>\n\n\n\n<li><a href='?page_no=14659'>14659<\/a><\/li>\n\n\n\n<li class='active'><a>14660<\/a><\/li>\n\n\n\n<li><a href='?page_no=14661'>14661<\/a><\/li>\n\n\n\n<li><a href='?page_no=14662'>14662<\/a><\/li>\n\n\n\n<li><a>...<\/a><\/li>\n\n\n\n<li><a href='?page_no=36999'>36999<\/a><\/li>\n\n\n\n<li><a href='?page_no=37000'>37000<\/a><\/li>\n\n    \n\t\n\n<li >\n\t<a href='?page_no=14661'>Next<\/a>\n\t<\/li>\n\n\n    \n\n<li><a href='?page_no=37000'>Last &rsaquo;&rsaquo;<\/a><\/li>\n\n<\/ul>\n\n\n--><br \/>\n<\/body><\/p>\n","protected":false},"excerpt":{"rendered":"<p>Santo Domingo, RD, 3 de Septiembre.-El Movimiento Izquierda Unida (MIU) consider\u00f3 un ejercicio desacertado del Representante de la Oficina del Alto Comisionado de las Naciones Unidas para los Refugiados (ACNUR) en Rep\u00fablica Dominicana, Gonzalo Vargas Llosa, de llevar a la se\u00f1ora Juliana Deguis Pierre a un congreso internacional en Espa\u00f1a sobre la apatridia, cuando en [&hellip;]<\/p>\n","protected":false},"author":3,"featured_media":0,"comment_status":"open","ping_status":"open","sticky":false,"template":"","format":"standard","meta":{"footnotes":""},"categories":[22],"tags":[],"class_list":["post-162234","post","type-post","status-publish","format-standard","hentry","category-politica"],"_links":{"self":[{"href":"https:\/\/diariodominicano.com\/index.php?rest_route=\/wp\/v2\/posts\/162234","targetHints":{"allow":["GET"]}}],"collection":[{"href":"https:\/\/diariodominicano.com\/index.php?rest_route=\/wp\/v2\/posts"}],"about":[{"href":"https:\/\/diariodominicano.com\/index.php?rest_route=\/wp\/v2\/types\/post"}],"author":[{"embeddable":true,"href":"https:\/\/diariodominicano.com\/index.php?rest_route=\/wp\/v2\/users\/3"}],"replies":[{"embeddable":true,"href":"https:\/\/diariodominicano.com\/index.php?rest_route=%2Fwp%2Fv2%2Fcomments&post=162234"}],"version-history":[{"count":0,"href":"https:\/\/diariodominicano.com\/index.php?rest_route=\/wp\/v2\/posts\/162234\/revisions"}],"wp:attachment":[{"href":"https:\/\/diariodominicano.com\/index.php?rest_route=%2Fwp%2Fv2%2Fmedia&parent=162234"}],"wp:term":[{"taxonomy":"category","embeddable":true,"href":"https:\/\/diariodominicano.com\/index.php?rest_route=%2Fwp%2Fv2%2Fcategories&post=162234"},{"taxonomy":"post_tag","embeddable":true,"href":"https:\/\/diariodominicano.com\/index.php?rest_route=%2Fwp%2Fv2%2Ftags&post=162234"}],"curies":[{"name":"wp","href":"https:\/\/api.w.org\/{rel}","templated":true}]}}