{"id":162232,"date":"2014-09-04T14:40:25","date_gmt":"2014-09-04T14:40:25","guid":{"rendered":"http:\/\/diariodominicano.ddns.net\/?p=162232"},"modified":"2014-09-04T14:40:25","modified_gmt":"2014-09-04T14:40:25","slug":"reformistas-depositan-una-flor-ante-tumba-balaguer-por-semana-108-natalicio","status":"publish","type":"post","link":"https:\/\/diariodominicano.com\/?p=162232","title":{"rendered":"Reformistas depositan una flor ante tumba Balaguer por semana 108 natalicio"},"content":{"rendered":"<p><body><\/p>\n<p><img decoding=\"async\" src=\"img3\/floral 1.jpg\" \/><br \/><img decoding=\"async\" src=\"img3\/floral 2.jpg\" \/>  <\/p>\n<p>Santo Domingo RD 4 septiembre.- Decenas de dirigentes del Partido Reformista Social Cristiano (PRSC), depositaron una flor ante la tumba del doctor Joaqu\u00edn Balaguer en el Cementerio Cristo Redentor, al celebrarse esta semana el 108 aniversario de su natalicio.<\/p>\n<\/p>\n<p>En la actividad la dirigencia reformista resalto las cualidades del l\u00edder hist\u00f3rico y fundador de la organizaci\u00f3n colorada, que gobern\u00f3 la naci\u00f3n dominicana por 22 anos, y aun sigue siendo uno de los pol\u00edticos mejor valorado por la poblaci\u00f3n.<\/p>\n<\/p>\n<p>Carlos Rojas, y Gustavo Ram\u00edrez Meran miembros de la Comisi\u00f3n Pol\u00edtica Nacional del PRSC resaltaron las cualidades del doctor Joaqu\u00edn Balaguer y los retos que tiene por delante la agrupaci\u00f3n colorada, de cara a los pr\u00f3ximos comicios del ano 2016.<\/p>\n<\/p>\n<p>Dijeron que representan la generaci\u00f3n de relevo y que tienen el compromiso de volver a llevar un presidente reformista al Palacio Nacional, pero sin olvidar las ense\u00f1anzas del doctor Balaguer.<\/p>\n<\/p>\n<p>Esta actividad forma parte de una conjunto de actos, organizados por la presidencia del partido, que encabeza el ingeniero Federico Ant\u00fan Batlle  por motivo de la semana aniversario, del 108 a\u00f1os del natalicio del doctor Joaqu\u00edn Balaguer, quien naci\u00f3 un 1 de septiembre del 1906 y muri\u00f3 el 14 de julio del 2002.<\/p>\n<\/p>\n<p>Entre los dirigentes que depositaron una flor se encuentran, adem\u00e1s de Gustavo Ram\u00edrez Meran, y Carlos Rojas, Ra\u00fal Negr\u00f3n, Jean Carlos Padovani, Leonel S\u00e1nchez, Junior Noguera, Ramoncito Rodr\u00edguez, Gina Alberty  y Armando Garc\u00eda.<\/p>\n<\/p>\n<p>Asimismo, estuvieron presentes Sabrina Cruz, Miguel Balaguer, Paola Almonte, Geny Abinader, Eduardo Lajara, el regidor Julio C\u00e9sar Mart\u00ednez, Martin Corpor\u00e1n, Jorge de Le\u00f3n, Yovanny Almonte y Arelis V\u00e1squez entre otros.<\/p>\n<\/p>\n<p>Los presentes agradecieron al Secretario de Organizaci\u00f3n, Miguel Bogaert por el apoyo brindado en el montaje de la actividad, por motivo de la semana aniversario.<\/p>\n<\/p>\n<p>Entre los actos de aniversario se realizo una conferencia \u00abEl rol  de la mujer en los gobiernos del Dr. Joaqu\u00edn Balaguer\u00bb a cargo  de la licenciada  Mirelys Uceta, y Miembro del Directorio Presidencial, en la Biblioteca Joaqu\u00edn Balaguer, Santiago.<\/p>\n<\/p>\n<p>As\u00ed como tambi\u00e9n, una Mesa Redonda \u00abHistoria de Joaqu\u00edn Balaguer\u00bb. En la  Librer\u00eda Centro Cuesta, y una Conferencia \u00abAn\u00e1lisis comparado del joven Balaguer y el liderazgo juvenil del siglo XXI.  a cargo del doctor. Ricardo Espaillat.<\/p>\n<\/p>\n<\/p>\n<p>Pie de Foto: 1<\/p>\n<p>Los miembros de la Comisi\u00f3n Pol\u00edtica Nacional del PRSC, Carlos Rojas y Gustavo Ram\u00edrez Meran en momentos que depositan una flor en la tumba del Doctor Joaqu\u00edn Balaguer, en el 108 aniversario de su natalicio.<\/p>\n<\/p>\n<p>Pie de Foto: 2<\/p>\n<p>Parte del grupo de dirigentes del  partido colorado que acudi\u00f3 a llevar a una flor, a la tumba de su l\u00edder y presidente fundador.<\/p>\n<\/p>\n<h6> 2014-09-04 14:40:25 <\/h6>\n<p><!--\n<link rel=\"stylesheet\" href=\"css\/bootstrap.min.css\">\n\n\n<ul class=\"pagination\">\n\t    \n\t\n\n<li >\n\t<a href='?page_no=14658'>Previous<\/a>\n\t<\/li>\n\n\n       \n    \n\n<li><a href='?page_no=1'>1<\/a><\/li>\n\n\n\n<li><a href='?page_no=2'>2<\/a><\/li>\n\n\n\n<li><a>...<\/a><\/li>\n\n\n\n<li><a href='?page_no=14657'>14657<\/a><\/li>\n\n\n\n<li><a href='?page_no=14658'>14658<\/a><\/li>\n\n\n\n<li class='active'><a>14659<\/a><\/li>\n\n\n\n<li><a href='?page_no=14660'>14660<\/a><\/li>\n\n\n\n<li><a href='?page_no=14661'>14661<\/a><\/li>\n\n\n\n<li><a>...<\/a><\/li>\n\n\n\n<li><a href='?page_no=36999'>36999<\/a><\/li>\n\n\n\n<li><a href='?page_no=37000'>37000<\/a><\/li>\n\n    \n\t\n\n<li >\n\t<a href='?page_no=14660'>Next<\/a>\n\t<\/li>\n\n\n    \n\n<li><a href='?page_no=37000'>Last &rsaquo;&rsaquo;<\/a><\/li>\n\n<\/ul>\n\n\n--><br \/>\n<\/body><\/p>\n","protected":false},"excerpt":{"rendered":"<p>Santo Domingo RD 4 septiembre.- Decenas de dirigentes del Partido Reformista Social Cristiano (PRSC), depositaron una flor ante la tumba del doctor Joaqu\u00edn Balaguer en el Cementerio Cristo Redentor, al celebrarse esta semana el 108 aniversario de su natalicio. En la actividad la dirigencia reformista resalto las cualidades del l\u00edder hist\u00f3rico y fundador de la [&hellip;]<\/p>\n","protected":false},"author":3,"featured_media":0,"comment_status":"open","ping_status":"open","sticky":false,"template":"","format":"standard","meta":{"footnotes":""},"categories":[22],"tags":[],"class_list":["post-162232","post","type-post","status-publish","format-standard","hentry","category-politica"],"_links":{"self":[{"href":"https:\/\/diariodominicano.com\/index.php?rest_route=\/wp\/v2\/posts\/162232","targetHints":{"allow":["GET"]}}],"collection":[{"href":"https:\/\/diariodominicano.com\/index.php?rest_route=\/wp\/v2\/posts"}],"about":[{"href":"https:\/\/diariodominicano.com\/index.php?rest_route=\/wp\/v2\/types\/post"}],"author":[{"embeddable":true,"href":"https:\/\/diariodominicano.com\/index.php?rest_route=\/wp\/v2\/users\/3"}],"replies":[{"embeddable":true,"href":"https:\/\/diariodominicano.com\/index.php?rest_route=%2Fwp%2Fv2%2Fcomments&post=162232"}],"version-history":[{"count":0,"href":"https:\/\/diariodominicano.com\/index.php?rest_route=\/wp\/v2\/posts\/162232\/revisions"}],"wp:attachment":[{"href":"https:\/\/diariodominicano.com\/index.php?rest_route=%2Fwp%2Fv2%2Fmedia&parent=162232"}],"wp:term":[{"taxonomy":"category","embeddable":true,"href":"https:\/\/diariodominicano.com\/index.php?rest_route=%2Fwp%2Fv2%2Fcategories&post=162232"},{"taxonomy":"post_tag","embeddable":true,"href":"https:\/\/diariodominicano.com\/index.php?rest_route=%2Fwp%2Fv2%2Ftags&post=162232"}],"curies":[{"name":"wp","href":"https:\/\/api.w.org\/{rel}","templated":true}]}}