{"id":162231,"date":"2014-09-04T17:54:14","date_gmt":"2014-09-04T17:54:14","guid":{"rendered":"http:\/\/diariodominicano.ddns.net\/?p=162231"},"modified":"2014-09-04T17:54:14","modified_gmt":"2014-09-04T17:54:14","slug":"pld-celebra-interes-del-presidente-danilo-medina-por-plan-de-ordenamiento-territorial","status":"publish","type":"post","link":"https:\/\/diariodominicano.com\/?p=162231","title":{"rendered":"&#13; &#13;&#13;&#13;PLD celebra inter\u00e9s del presidente Danilo Medina por Plan de Ordenamiento Territorial"},"content":{"rendered":"<p><body><\/p>\n<p><img decoding=\"async\" src=\"img3\/medioambiente.jpg\" \/>  <\/p>\n<\/p>\n<p>Santo Domingo, RD, 4 de septiembre.- La Secretar\u00eda de Medio Ambiente y Recursos Naturales del Partido de la Liberaci\u00f3n Dominicana respald\u00f3 las motivaciones legales y t\u00e9cnicas que estableci\u00f3 el presidente de la Rep\u00fablica, Danilo Medina,  para observar la ley que creaba el parque nacional Loma Miranda.<\/p>\n<\/p>\n<p>El titular de la Secretar\u00eda, Pa\u00edno Abreu Collado, fij\u00f3 la posici\u00f3n a nombre del partido en conferencia de prensa, efectuada en la Casa Nacional del PLD, en la que afirm\u00f3 que es correcta la medida del presidente Danilo Medina en el sentido de las violaciones constitucionales que pose\u00eda la ley y que ten\u00eda mucho que ver con la seguridad jur\u00eddica.<\/p>\n<\/p>\n<p>\u00abPero tambi\u00e9n con la necesidad de utilizar los recursos naturales renovables de una manera sostenible y amparado en una ley de ordenamiento territorial\u00bb, destac\u00f3 Abreu Collado, en rese\u00f1a de la Secretar\u00eda de Comunicaciones del PLD.<\/p>\n<\/p>\n<p>Resalt\u00f3 que a pesar del inter\u00e9s manifiesto de algunos ambientalistas sinceros del pa\u00eds, detr\u00e1s de ellos se mov\u00edan  grupos interesados m\u00e1s bien en los resultados econ\u00f3micos de la decisi\u00f3n de crear un Parque  Nacional de Loma Miranda.<\/p>\n<\/p>\n<p>\u00abPorque exist\u00eda un inter\u00e9s de administrarlo mediante un consejo gestor con presupuesto y al margen de la instituci\u00f3n correspondiente. \u00abIncluso falseando la figura de co-manejo que existe en la ley 20204 de \u00e1rea protegida\u00bb, explic\u00f3.<\/p>\n<\/p>\n<p>Dijo que la Secretar\u00eda de Medio Ambiente y Recursos Naturales se congratula con la decisi\u00f3n del presidente que le ha evitado al pa\u00eds gastos econ\u00f3micos solo a la Falcombrige por el orden de los 180 mil millones de pesos. \u00abAparte de much\u00edsimos propietarios que hay en el \u00e1rea que se quer\u00eda convertir en parque nacional\u00bb.<\/p>\n<\/p>\n<p>Exhort\u00f3 al genuino ambientalismo dominicano para que se una al gobierno en la b\u00fasqueda de una pol\u00edtica ambiental verdaderamente sustentada en un plan de ordenamiento territorial en la Rep\u00fablica Dominicana.  <\/p>\n<\/p>\n<p>Acompa\u00f1aron al titular de Medio Ambiente y Recursos Naturales del PLD, los subsecretarios Manuel Serrano, Idalia Acevedo, Daneris Santana, Yocasta Valenzuela, Jos\u00e9 Rafael Almonte, V\u00edctor Garc\u00eda Y David Arias Canela.<\/p>\n<h6> 2014-09-04 17:54:14 <\/h6>\n<p><!--\n<link rel=\"stylesheet\" href=\"css\/bootstrap.min.css\">\n\n\n<ul class=\"pagination\">\n\t    \n\t\n\n<li >\n\t<a href='?page_no=14657'>Previous<\/a>\n\t<\/li>\n\n\n       \n    \n\n<li><a href='?page_no=1'>1<\/a><\/li>\n\n\n\n<li><a href='?page_no=2'>2<\/a><\/li>\n\n\n\n<li><a>...<\/a><\/li>\n\n\n\n<li><a href='?page_no=14656'>14656<\/a><\/li>\n\n\n\n<li><a href='?page_no=14657'>14657<\/a><\/li>\n\n\n\n<li class='active'><a>14658<\/a><\/li>\n\n\n\n<li><a href='?page_no=14659'>14659<\/a><\/li>\n\n\n\n<li><a href='?page_no=14660'>14660<\/a><\/li>\n\n\n\n<li><a>...<\/a><\/li>\n\n\n\n<li><a href='?page_no=36999'>36999<\/a><\/li>\n\n\n\n<li><a href='?page_no=37000'>37000<\/a><\/li>\n\n    \n\t\n\n<li >\n\t<a href='?page_no=14659'>Next<\/a>\n\t<\/li>\n\n\n    \n\n<li><a href='?page_no=37000'>Last &rsaquo;&rsaquo;<\/a><\/li>\n\n<\/ul>\n\n\n--><br \/>\n<\/body><\/p>\n","protected":false},"excerpt":{"rendered":"<p>Santo Domingo, RD, 4 de septiembre.- La Secretar\u00eda de Medio Ambiente y Recursos Naturales del Partido de la Liberaci\u00f3n Dominicana respald\u00f3 las motivaciones legales y t\u00e9cnicas que estableci\u00f3 el presidente de la Rep\u00fablica, Danilo Medina, para observar la ley que creaba el parque nacional Loma Miranda. El titular de la Secretar\u00eda, Pa\u00edno Abreu Collado, fij\u00f3 [&hellip;]<\/p>\n","protected":false},"author":3,"featured_media":0,"comment_status":"open","ping_status":"open","sticky":false,"template":"","format":"standard","meta":{"footnotes":""},"categories":[22],"tags":[],"class_list":["post-162231","post","type-post","status-publish","format-standard","hentry","category-politica"],"_links":{"self":[{"href":"https:\/\/diariodominicano.com\/index.php?rest_route=\/wp\/v2\/posts\/162231","targetHints":{"allow":["GET"]}}],"collection":[{"href":"https:\/\/diariodominicano.com\/index.php?rest_route=\/wp\/v2\/posts"}],"about":[{"href":"https:\/\/diariodominicano.com\/index.php?rest_route=\/wp\/v2\/types\/post"}],"author":[{"embeddable":true,"href":"https:\/\/diariodominicano.com\/index.php?rest_route=\/wp\/v2\/users\/3"}],"replies":[{"embeddable":true,"href":"https:\/\/diariodominicano.com\/index.php?rest_route=%2Fwp%2Fv2%2Fcomments&post=162231"}],"version-history":[{"count":0,"href":"https:\/\/diariodominicano.com\/index.php?rest_route=\/wp\/v2\/posts\/162231\/revisions"}],"wp:attachment":[{"href":"https:\/\/diariodominicano.com\/index.php?rest_route=%2Fwp%2Fv2%2Fmedia&parent=162231"}],"wp:term":[{"taxonomy":"category","embeddable":true,"href":"https:\/\/diariodominicano.com\/index.php?rest_route=%2Fwp%2Fv2%2Fcategories&post=162231"},{"taxonomy":"post_tag","embeddable":true,"href":"https:\/\/diariodominicano.com\/index.php?rest_route=%2Fwp%2Fv2%2Ftags&post=162231"}],"curies":[{"name":"wp","href":"https:\/\/api.w.org\/{rel}","templated":true}]}}