{"id":162229,"date":"2014-09-04T23:22:15","date_gmt":"2014-09-04T23:22:15","guid":{"rendered":"http:\/\/diariodominicano.ddns.net\/?p=162229"},"modified":"2014-09-04T23:22:15","modified_gmt":"2014-09-04T23:22:15","slug":"afirma-servicios-de-salud-demanda-mayores-inversiones-para-responder-a-clase-trabajadora","status":"publish","type":"post","link":"https:\/\/diariodominicano.com\/?p=162229","title":{"rendered":"Afirma servicios de salud demanda mayores inversiones para responder a clase trabajadora"},"content":{"rendered":"<p><body><\/p>\n<p><img decoding=\"async\" src=\"img3\/SANTIAGO.jpg\" \/>  <\/p>\n<p><span class=\"text1noticias\">Santiago, RD, 4 de Septiembre.-La calidad de los servicios de salud y un aumento en su cobertura, demandan de mayores inversiones en infraestructuras, equipos m\u00e9dicos y sistema de alta tecnolog\u00eda, para poder responder a la clase trabajadora cuando precisa de asistencias m\u00e9dicas de calidad, sostuvo este jueves el presidente del Partido Reformista Social Cristiano (PRSC), ingeniero Federico Ant\u00fan Batlle (Quique).<\/span><\/p>\n<\/p>\n<p><span class=\"text1noticias\">El l\u00edder reformista dijo que los centros de salud privados enfrentan grandes limitaciones para su crecimiento por el tema de la disponibilidad y costos de los recursos financieros. Sin embargo, explic\u00f3 que existen mecanismos que facilitar\u00edan esta acci\u00f3n, garantizando la rentabilidad y la solvencia de los fondos de pensiones, lo cual es esencial para garantizar el pago de las pensiones futuras. <\/span><\/p>\n<\/p>\n<p><span class=\"text1noticias\">Quique Ant\u00fan Batlle habl\u00f3 al participar como orador invitado al tradicional almuerzo de la Uni\u00f3n M\u00e9dica del Norte, integrada por altos ejecutivos y especialistas del \u00e1rea de la salud en la provincia de Santiago.<\/span><\/p>\n<\/p>\n<p><span class=\"text1noticias\">Estuvo acompa\u00f1ado del doctor Daniel Rivera, presidente del consejo de administracion de la Uni\u00f3n M\u00e9dina, as\u00ed como de los tambi\u00e9n galenos Ariel Rodr\u00edguez, Juli\u00e1n Sued, Plutarco Arias, Marino P\u00e9rez, Rafael Espaillat, Tom\u00e1s Fern\u00e1ndez, Fausto Fern\u00e1ndez y Rafael L. Berg\u00e9s, todos miembros del consejo de la entidad.<\/span><\/p>\n<\/p>\n<p><span class=\"text1noticias\">Record\u00f3 que la Ley de Seguridad Social fue concebida como un pilar b\u00e1sico para el desarrollo de la naci\u00f3n dominicana y la elevaci\u00f3n del nivel de calidad de vida de su gente, \u00absin embargo a\u00fan no se logra ese prop\u00f3sito\u00bb.<\/span><\/p>\n<\/p>\n<p><span class=\"text1noticias\"> \u00abPor qu\u00e9 no canalizar una parte importante del ahorro pensional para financiar el crecimiento en la calidad y cobertura de las prestadoras de servicios de salud?\u00bb, se pregunt\u00f3 el dirigente pol\u00edtico.<\/span><\/p>\n<\/p>\n<p><span class=\"text1noticias\">El presidente de los reformistas consider\u00f3 adem\u00e1s que es parad\u00f3jico el hecho de que la Ley de Seguridad Social provea los mecanismos para que esta situaci\u00f3n pueda ser mejorada sustancialmente y que se cumplan los objetivos de salud, crecimiento econ\u00f3mico y pensiones justas, pero que en la  pr\u00e1ctica sea todo lo contrario.<\/span><\/p>\n<\/p>\n<p><span class=\"text1noticias\">\u00abDel lado de la salud, es mucho lo que falta por hacer. Fue el \u00faltimo Sistema de la Ley en entrar en vigencia y lo ha hecho en forma incompleta, lo que ha dejado es una gran brecha entre los objetivos del sistema y lo que se est\u00e1 ofertando en materia  de cobertura de salud\u00bb, puntualiz\u00f3 Ant\u00fan Batlle.<\/span><\/p>\n<\/p>\n<p><span class=\"text1noticias\">Indic\u00f3 que hasta  el momento los dominicanos no han tenido la oportunidad de darle un uso m\u00e1s racional y productivo a esa important\u00edsima fuente de recursos, como son los Fondos de Pensiones y en su mayor parte est\u00e1n financiando actividades especulativas.<\/span><\/p>\n<\/p>\n<p><span class=\"text1noticias\">Se recuerda que en la actualidad las administradoras de fondos de pensiones manejan alrededor de 300 mil millones de pesos, producto de los aportes de los trabajadores y empleadores a los fondos de pensi\u00f3n.  <\/span><\/p>\n<\/p>\n<p><span class=\"text1noticias\">El ingeniero Ant\u00fan Batlle consider\u00f3, que ese gran volumen de ahorro, por su estabilidad, origen y destino, debe ser una herramienta b\u00e1sica en el financiamiento del desarrollo de la econom\u00eda dominicana, asegurando un incremento en la producci\u00f3n y productividad nacional.<\/span><\/p>\n<\/p>\n<p><span class=\"text1noticias\">\u00abDe modo que asegure a futuro una oferta productiva acorde con las necesidades de la naci\u00f3n, ya que en caso contrario, esto es, en ausencia de un crecimiento sostenido y a largo plazo del PIB dominicano, la inflaci\u00f3n se encargara de reducir a cenizas el ahorro de los trabajadores\u00bb, explic\u00f3.<\/span><\/p>\n<\/p>\n<p><span class=\"text1noticias\">El presidente del PRSC estuvo acompa\u00f1ado de los diputados Marino Collante y M\u00e1ximo Castro Silverio; del ex Alcalde de Santiago, Jos\u00e9 Enrique Sued; del regidor y presidente del Directorio Municipal de Santiago, Rafael Cruz (Papito), as\u00ed como de los tmbi\u00e9n dirigentes Sarah Nolasco y Tom\u00e1s Belliard hijo, de la Comisi\u00f3n Pol\u00edtica; del Doctor Tom\u00e1s Belliard, presidente del Consejo Disciplinanario y Dionisio Santana, secretario nacional de Comunicaciones del partido.(HG)<\/span>.<\/p>\n<\/p>\n<h6> 2014-09-04 23:22:15 <\/h6>\n<p><!--\n<link rel=\"stylesheet\" href=\"css\/bootstrap.min.css\">\n\n\n<ul class=\"pagination\">\n\t    \n\t\n\n<li >\n\t<a href='?page_no=14655'>Previous<\/a>\n\t<\/li>\n\n\n       \n    \n\n<li><a href='?page_no=1'>1<\/a><\/li>\n\n\n\n<li><a href='?page_no=2'>2<\/a><\/li>\n\n\n\n<li><a>...<\/a><\/li>\n\n\n\n<li><a href='?page_no=14654'>14654<\/a><\/li>\n\n\n\n<li><a href='?page_no=14655'>14655<\/a><\/li>\n\n\n\n<li class='active'><a>14656<\/a><\/li>\n\n\n\n<li><a href='?page_no=14657'>14657<\/a><\/li>\n\n\n\n<li><a href='?page_no=14658'>14658<\/a><\/li>\n\n\n\n<li><a>...<\/a><\/li>\n\n\n\n<li><a href='?page_no=36999'>36999<\/a><\/li>\n\n\n\n<li><a href='?page_no=37000'>37000<\/a><\/li>\n\n    \n\t\n\n<li >\n\t<a href='?page_no=14657'>Next<\/a>\n\t<\/li>\n\n\n    \n\n<li><a href='?page_no=37000'>Last &rsaquo;&rsaquo;<\/a><\/li>\n\n<\/ul>\n\n\n--><br \/>\n<\/body><\/p>\n","protected":false},"excerpt":{"rendered":"<p>Santiago, RD, 4 de Septiembre.-La calidad de los servicios de salud y un aumento en su cobertura, demandan de mayores inversiones en infraestructuras, equipos m\u00e9dicos y sistema de alta tecnolog\u00eda, para poder responder a la clase trabajadora cuando precisa de asistencias m\u00e9dicas de calidad, sostuvo este jueves el presidente del Partido Reformista Social Cristiano (PRSC), [&hellip;]<\/p>\n","protected":false},"author":3,"featured_media":0,"comment_status":"open","ping_status":"open","sticky":false,"template":"","format":"standard","meta":{"footnotes":""},"categories":[22],"tags":[],"class_list":["post-162229","post","type-post","status-publish","format-standard","hentry","category-politica"],"_links":{"self":[{"href":"https:\/\/diariodominicano.com\/index.php?rest_route=\/wp\/v2\/posts\/162229","targetHints":{"allow":["GET"]}}],"collection":[{"href":"https:\/\/diariodominicano.com\/index.php?rest_route=\/wp\/v2\/posts"}],"about":[{"href":"https:\/\/diariodominicano.com\/index.php?rest_route=\/wp\/v2\/types\/post"}],"author":[{"embeddable":true,"href":"https:\/\/diariodominicano.com\/index.php?rest_route=\/wp\/v2\/users\/3"}],"replies":[{"embeddable":true,"href":"https:\/\/diariodominicano.com\/index.php?rest_route=%2Fwp%2Fv2%2Fcomments&post=162229"}],"version-history":[{"count":0,"href":"https:\/\/diariodominicano.com\/index.php?rest_route=\/wp\/v2\/posts\/162229\/revisions"}],"wp:attachment":[{"href":"https:\/\/diariodominicano.com\/index.php?rest_route=%2Fwp%2Fv2%2Fmedia&parent=162229"}],"wp:term":[{"taxonomy":"category","embeddable":true,"href":"https:\/\/diariodominicano.com\/index.php?rest_route=%2Fwp%2Fv2%2Fcategories&post=162229"},{"taxonomy":"post_tag","embeddable":true,"href":"https:\/\/diariodominicano.com\/index.php?rest_route=%2Fwp%2Fv2%2Ftags&post=162229"}],"curies":[{"name":"wp","href":"https:\/\/api.w.org\/{rel}","templated":true}]}}