{"id":162228,"date":"2014-09-05T14:17:00","date_gmt":"2014-09-05T14:17:00","guid":{"rendered":"http:\/\/diariodominicano.ddns.net\/?p=162228"},"modified":"2014-09-05T14:17:00","modified_gmt":"2014-09-05T14:17:00","slug":"diputados-se-reunen-con-leonel-fernandez-analizan-la-fuerza-de-los-vientos","status":"publish","type":"post","link":"https:\/\/diariodominicano.com\/?p=162228","title":{"rendered":"Diputados se re\u00fanen con Leonel Fern\u00e1ndez; analizan la fuerza de \u00ablos vientos\u00bb"},"content":{"rendered":"<p><body><\/p>\n<p>Santo Domingo RD 5 septiembre.- Cuarenta y siete diputados del Partido de la Liberaci\u00f3n Dominicana (PLD) se reunieron el pasado mi\u00e9rcoles con el ex presidente Leonel Fern\u00e1ndez para evaluar como est\u00e1 la intensidad de \u00ablos vientos\u00bb a favor de su candidatura presidencial con miras al 2016.<\/p>\n<\/p>\n<p>La reuni\u00f3n-almuerzo se llev\u00f3 a cabo en el restaurante Maniqu\u00ed, desde las 1:30 p.m. a las 4:00 p.m.<\/p>\n<\/p>\n<p>Seg\u00fan fuentes, la reuni\u00f3n se produjo a iniciativa de los diputados, quienes expresaron que lo apoyar\u00e1n de Fern\u00e1ndez aceptar ser el candidato presidencial del PLD.<\/p>\n<\/p>\n<p>El presidente de la C\u00e1mara de Diputados, Abel Mart\u00ednez, fue el primero en hablar durante el encuentro. En la reuni\u00f3n se trat\u00f3 sobre la realizaci\u00f3n de la cuarta actividad de masas regional que se efectuar\u00e1 en la ciudad agropecuaria de San Francisco de Macor\u00eds el pr\u00f3ximo 13 de este mes, a las 3:00 p.m.<\/p>\n<\/p>\n<p>En esa actividad, organizada por congresistas, participar\u00e1n los movimientos JUDEL y MIL.<\/p>\n<\/p>\n<p>Tambi\u00e9n abordaron sobre el proyecto de Ley de Partidos presentado por el PLD. Fern\u00e1ndez les inform\u00f3 que har\u00e1n un seminario con ellos.<\/p>\n<h6> 2014-09-05 14:17:00 <\/h6>\n<p><!--\n<link rel=\"stylesheet\" href=\"css\/bootstrap.min.css\">\n\n\n<ul class=\"pagination\">\n\t    \n\t\n\n<li >\n\t<a href='?page_no=14654'>Previous<\/a>\n\t<\/li>\n\n\n       \n    \n\n<li><a href='?page_no=1'>1<\/a><\/li>\n\n\n\n<li><a href='?page_no=2'>2<\/a><\/li>\n\n\n\n<li><a>...<\/a><\/li>\n\n\n\n<li><a href='?page_no=14653'>14653<\/a><\/li>\n\n\n\n<li><a href='?page_no=14654'>14654<\/a><\/li>\n\n\n\n<li class='active'><a>14655<\/a><\/li>\n\n\n\n<li><a href='?page_no=14656'>14656<\/a><\/li>\n\n\n\n<li><a href='?page_no=14657'>14657<\/a><\/li>\n\n\n\n<li><a>...<\/a><\/li>\n\n\n\n<li><a href='?page_no=36999'>36999<\/a><\/li>\n\n\n\n<li><a href='?page_no=37000'>37000<\/a><\/li>\n\n    \n\t\n\n<li >\n\t<a href='?page_no=14656'>Next<\/a>\n\t<\/li>\n\n\n    \n\n<li><a href='?page_no=37000'>Last &rsaquo;&rsaquo;<\/a><\/li>\n\n<\/ul>\n\n\n--><br \/>\n<\/body><\/p>\n","protected":false},"excerpt":{"rendered":"<p>Santo Domingo RD 5 septiembre.- Cuarenta y siete diputados del Partido de la Liberaci\u00f3n Dominicana (PLD) se reunieron el pasado mi\u00e9rcoles con el ex presidente Leonel Fern\u00e1ndez para evaluar como est\u00e1 la intensidad de \u00ablos vientos\u00bb a favor de su candidatura presidencial con miras al 2016. La reuni\u00f3n-almuerzo se llev\u00f3 a cabo en el restaurante [&hellip;]<\/p>\n","protected":false},"author":3,"featured_media":0,"comment_status":"open","ping_status":"open","sticky":false,"template":"","format":"standard","meta":{"footnotes":""},"categories":[22],"tags":[],"class_list":["post-162228","post","type-post","status-publish","format-standard","hentry","category-politica"],"_links":{"self":[{"href":"https:\/\/diariodominicano.com\/index.php?rest_route=\/wp\/v2\/posts\/162228","targetHints":{"allow":["GET"]}}],"collection":[{"href":"https:\/\/diariodominicano.com\/index.php?rest_route=\/wp\/v2\/posts"}],"about":[{"href":"https:\/\/diariodominicano.com\/index.php?rest_route=\/wp\/v2\/types\/post"}],"author":[{"embeddable":true,"href":"https:\/\/diariodominicano.com\/index.php?rest_route=\/wp\/v2\/users\/3"}],"replies":[{"embeddable":true,"href":"https:\/\/diariodominicano.com\/index.php?rest_route=%2Fwp%2Fv2%2Fcomments&post=162228"}],"version-history":[{"count":0,"href":"https:\/\/diariodominicano.com\/index.php?rest_route=\/wp\/v2\/posts\/162228\/revisions"}],"wp:attachment":[{"href":"https:\/\/diariodominicano.com\/index.php?rest_route=%2Fwp%2Fv2%2Fmedia&parent=162228"}],"wp:term":[{"taxonomy":"category","embeddable":true,"href":"https:\/\/diariodominicano.com\/index.php?rest_route=%2Fwp%2Fv2%2Fcategories&post=162228"},{"taxonomy":"post_tag","embeddable":true,"href":"https:\/\/diariodominicano.com\/index.php?rest_route=%2Fwp%2Fv2%2Ftags&post=162228"}],"curies":[{"name":"wp","href":"https:\/\/api.w.org\/{rel}","templated":true}]}}