{"id":162227,"date":"2014-09-05T15:17:31","date_gmt":"2014-09-05T15:17:31","guid":{"rendered":"http:\/\/diariodominicano.ddns.net\/?p=162227"},"modified":"2014-09-05T15:17:31","modified_gmt":"2014-09-05T15:17:31","slug":"senadores-pld-dicen-ley-loma-miranda-ya-no-existe","status":"publish","type":"post","link":"https:\/\/diariodominicano.com\/?p=162227","title":{"rendered":"Senadores PLD dicen Ley Loma Miranda \u00abya no existe\u00bb"},"content":{"rendered":"<p><body><\/p>\n<p><img decoding=\"async\" src=\"img3\/sendores 5.php.html\" \/>  <\/p>\n<p>Santo Domingo RD 5 septiembre.- Los senadores pelede\u00edstas Reinaldo Pared P\u00e9rez y Julio C\u00e9sar Valent\u00edn declararon que la ley que declaraba Loma Miranda parque nacional \u00abya no existe y por tanto no tiene que ir a la C\u00e1mara de Diputados\u00bb. <\/p>\n<\/p>\n<p>Los tambi\u00e9n juristas explicaron, en una declaraci\u00f3n escrita distribu\u00ecda por la Secretar\u00eda de Prensa del PLD,  que la decisi\u00f3n de los senadores de acoger las observaciones del Poder Ejecutivo a la referida Ley, hace innecesaria su remisi\u00f3n a la c\u00e1mara baja.<\/p>\n<\/p>\n<p>De su lado, Pared P\u00e9rez, senador del Distrito Nacional y secretario general del PLD,  reiter\u00f3  que estas observaciones contaron con el  respaldo del Comit\u00e9 Pol\u00edtico de este partido.<\/p>\n<\/p>\n<p>\u00abPocas iniciativas han sido tan debatidas, llevadas y tra\u00eddas en la C\u00e1mara Alta, como el proyecto que declaraba a Loma Miranda como parque nacional, en  donde se escuch\u00f3 el sentir general de la poblaci\u00f3n\u00bb, dijo.<\/p>\n<\/p>\n<p>Declar\u00f3 que la decisi\u00f3n de que se observara la ley fue tomada en la reuni\u00f3n del pasado lunes por el Comit\u00e9 Pol\u00edtico del PLD, el cual acord\u00f3 respaldar al Presidente Medina en la decisi\u00f3n que tomara.<\/p>\n<\/p>\n<p>El Senador por el Distrito Nacional asegur\u00f3 que en la carta enviada por el Presidente Medina al Congreso Nacional, en ning\u00fan momento refiere que loma Miranda ser\u00e1 explotada.<\/p>\n<\/p>\n<p>Dijo que el mandatario garantiz\u00f3 que tampoco en ning\u00fan otro lugar del pa\u00eds se har\u00e1 explotaci\u00f3n minera sin que antes se cumpla de manera estricta con los requerimientos de un aprovechamiento medioambiental sostenible.<\/p>\n<\/p>\n<p>\u00abEste punto mereci\u00f3 el tratamiento del Comit\u00e9 Pol\u00edtico del PLD.   Unos opinaron a favor de la aprobaci\u00f3n y otros en contra.  Pero al fin de cuentas la decisi\u00f3n a la que se lleg\u00f3 en ese importante organismo de direcci\u00f3n del Partido de la Liberaci\u00f3n Dominicana fue respaldar la decisi\u00f3n que tomara el presidente de la Rep\u00fablica\u00bb, pun tualiz\u00f3.<\/p>\n<\/p>\n<p>Pared P\u00e9rez apunt\u00f3 que los que apoyaron la ley \u00abdeben sentirse satisfechos\u00bb ante el compromiso del Presidente Medina de no autorizar ninguna explotaci\u00f3n minera en Loma Miranda y que los senadores no deben arrepentirse de c\u00f3mo actuaron.<\/p>\n<h6> 2014-09-05 15:17:31 <\/h6>\n<p><!--\n<link rel=\"stylesheet\" href=\"css\/bootstrap.min.css\">\n\n\n<ul class=\"pagination\">\n\t    \n\t\n\n<li >\n\t<a href='?page_no=14653'>Previous<\/a>\n\t<\/li>\n\n\n       \n    \n\n<li><a href='?page_no=1'>1<\/a><\/li>\n\n\n\n<li><a href='?page_no=2'>2<\/a><\/li>\n\n\n\n<li><a>...<\/a><\/li>\n\n\n\n<li><a href='?page_no=14652'>14652<\/a><\/li>\n\n\n\n<li><a href='?page_no=14653'>14653<\/a><\/li>\n\n\n\n<li class='active'><a>14654<\/a><\/li>\n\n\n\n<li><a href='?page_no=14655'>14655<\/a><\/li>\n\n\n\n<li><a href='?page_no=14656'>14656<\/a><\/li>\n\n\n\n<li><a>...<\/a><\/li>\n\n\n\n<li><a href='?page_no=36999'>36999<\/a><\/li>\n\n\n\n<li><a href='?page_no=37000'>37000<\/a><\/li>\n\n    \n\t\n\n<li >\n\t<a href='?page_no=14655'>Next<\/a>\n\t<\/li>\n\n\n    \n\n<li><a href='?page_no=37000'>Last &rsaquo;&rsaquo;<\/a><\/li>\n\n<\/ul>\n\n\n--><br \/>\n<\/body><\/p>\n","protected":false},"excerpt":{"rendered":"<p>Santo Domingo RD 5 septiembre.- Los senadores pelede\u00edstas Reinaldo Pared P\u00e9rez y Julio C\u00e9sar Valent\u00edn declararon que la ley que declaraba Loma Miranda parque nacional \u00abya no existe y por tanto no tiene que ir a la C\u00e1mara de Diputados\u00bb. Los tambi\u00e9n juristas explicaron, en una declaraci\u00f3n escrita distribu\u00ecda por la Secretar\u00eda de Prensa del [&hellip;]<\/p>\n","protected":false},"author":3,"featured_media":0,"comment_status":"open","ping_status":"open","sticky":false,"template":"","format":"standard","meta":{"footnotes":""},"categories":[22],"tags":[],"class_list":["post-162227","post","type-post","status-publish","format-standard","hentry","category-politica"],"_links":{"self":[{"href":"https:\/\/diariodominicano.com\/index.php?rest_route=\/wp\/v2\/posts\/162227","targetHints":{"allow":["GET"]}}],"collection":[{"href":"https:\/\/diariodominicano.com\/index.php?rest_route=\/wp\/v2\/posts"}],"about":[{"href":"https:\/\/diariodominicano.com\/index.php?rest_route=\/wp\/v2\/types\/post"}],"author":[{"embeddable":true,"href":"https:\/\/diariodominicano.com\/index.php?rest_route=\/wp\/v2\/users\/3"}],"replies":[{"embeddable":true,"href":"https:\/\/diariodominicano.com\/index.php?rest_route=%2Fwp%2Fv2%2Fcomments&post=162227"}],"version-history":[{"count":0,"href":"https:\/\/diariodominicano.com\/index.php?rest_route=\/wp\/v2\/posts\/162227\/revisions"}],"wp:attachment":[{"href":"https:\/\/diariodominicano.com\/index.php?rest_route=%2Fwp%2Fv2%2Fmedia&parent=162227"}],"wp:term":[{"taxonomy":"category","embeddable":true,"href":"https:\/\/diariodominicano.com\/index.php?rest_route=%2Fwp%2Fv2%2Fcategories&post=162227"},{"taxonomy":"post_tag","embeddable":true,"href":"https:\/\/diariodominicano.com\/index.php?rest_route=%2Fwp%2Fv2%2Ftags&post=162227"}],"curies":[{"name":"wp","href":"https:\/\/api.w.org\/{rel}","templated":true}]}}