{"id":162226,"date":"2014-09-05T15:27:38","date_gmt":"2014-09-05T15:27:38","guid":{"rendered":"http:\/\/diariodominicano.ddns.net\/?p=162226"},"modified":"2014-09-05T15:27:38","modified_gmt":"2014-09-05T15:27:38","slug":"antun-batlle-dice-servicios-de-salud-demandan-mayores-inversiones","status":"publish","type":"post","link":"https:\/\/diariodominicano.com\/?p=162226","title":{"rendered":"Ant\u00fan Batlle dice servicios de salud demandan mayores inversiones"},"content":{"rendered":"<p><body><\/p>\n<p><img decoding=\"async\" src=\"img3\/antun 5.php.html\" \/>  <\/p>\n<p>Santiago RD 5 septiembreS.- El presidente del Partido Reformista Social Cristiano (PRSC) abog\u00f3 aqu\u00ed por una mejoria y aumento de la cobertura de los servicios de salud en la Rep\u00fablica Dominicana.<\/p>\n<\/p>\n<p>Dijo que son necesarias mayores  inversiones en infraestructuras y equipos m\u00e9dicos para poder  responder a la clase trabajadora, cuando demanda de asistencias m\u00e9dicas de calidad.<\/p>\n<\/p>\n<p>Declar\u00f3 que los centros de salud privados enfrentan grandes limitaciones por el tema de la disponibilidad y los recursos financieros.  Sin embargo, opin\u00f3 que existen mecanismos que facilitar\u00edan esta acci\u00f3n, garantizando la rentabilidad y la solvencia de los fondos de pensiones, lo cual es esencial para garantizar el pago de las pensiones futuras.<\/p>\n<\/p>\n<p>Ant\u00fan Batlle fue el orador invitado del tradicional almuerzo de la Uni\u00f3n M\u00e9dica del Norte, integrada por ejecutivos y especialistas del \u00e1rea de la salud en la provincia de Santiago. Estuvo acompa\u00f1ado del doctor Daniel Rivera, presidente del consejo de administracion de esta entidad as\u00ed como de los miembros Ariel Rodr\u00edguez, Juli\u00e1n Sued, Plutarco Arias, Marino P\u00e9rez, Rafael Espaillat, Tom\u00e1s Fern\u00e1ndez, Fausto Fern\u00e1ndez y Rafael L. Berg\u00e9s.<\/p>\n<\/p>\n<p>Declar\u00f3 que aunque la Ley de Seguridad Social fue concebida como un pilar b\u00e1sico para desarrollar la naci\u00f3n dominicana y elevar el nivel de calidad de vida de la gente \u00aba\u00fan no se lograese prop\u00f3sito\u00bb.<\/p>\n<\/p>\n<p> \u00ab\u00bfPor qu\u00e9 no canalizar una parte importante del ahorro pensional para financiar el crecimiento en la calidad y cobertura de las prestadoras de servicios de salud?\u00bb, se pregunt\u00f3 el dirigente pol\u00edtico.<\/p>\n<\/p>\n<p>El presidente de los reformistas resalt\u00f3 que la Ley de Seguridad Social provee los mecanismos para que esta situaci\u00f3n pueda ser mejorada sustancialmente y se cumplan los objetivos de salud, crecimiento econ\u00f3mico y pensiones justas, pero que en la pr\u00e1ctica se hace todo lo contrario.<\/p>\n<\/p>\n<p>\u00abDel lado de la salud, es mucho lo que falta por hacer\u00bb, agreg\u00f3.<\/p>\n<\/p>\n<p>Actualmente las administradoras de fondos de pensiones manejan alrededor de 300 mil millones de pesos, gracias a los aportes de los trabajadores y empleadores a los fondos de pensi\u00f3n. <\/p>\n<\/p>\n<p>Ant\u00fan Batlle consider\u00f3, que ese gran volumen de ahorro, por su estabilidad, origen y destino, debe ser una herramienta b\u00e1sica en el financiamiento del desarrollo de la econom\u00eda dominicana, asegurando un incremento en la producci\u00f3n y productividad nacional.<\/p>\n<\/p>\n<p>El presidente del PRSC estuvo acompa\u00f1ado de los diputados Marino Collante y M\u00e1ximo Castro Silverio; del ex Alcalde de Santiago, Jos\u00e9 Enrique Sued; del regidor y presidente del Directorio Municipal de Santiago, Rafael Cruz (Papito) as\u00ed como de los tmbi\u00e9n dirigentes Sarah Nolasco y Tom\u00e1s Belliard hijo, de la Comisi\u00f3n Pol\u00edtica; del Dr. Tom\u00e1s Belliard presidente del Consejo <\/p>\n<p>Disciplinanario y Dionisio Santana, secretario nacional de Comunicaciones del partido.<\/p>\n<h6> 2014-09-05 15:27:38 <\/h6>\n<p><!--\n<link rel=\"stylesheet\" href=\"css\/bootstrap.min.css\">\n\n\n<ul class=\"pagination\">\n\t    \n\t\n\n<li >\n\t<a href='?page_no=14652'>Previous<\/a>\n\t<\/li>\n\n\n       \n    \n\n<li><a href='?page_no=1'>1<\/a><\/li>\n\n\n\n<li><a href='?page_no=2'>2<\/a><\/li>\n\n\n\n<li><a>...<\/a><\/li>\n\n\n\n<li><a href='?page_no=14651'>14651<\/a><\/li>\n\n\n\n<li><a href='?page_no=14652'>14652<\/a><\/li>\n\n\n\n<li class='active'><a>14653<\/a><\/li>\n\n\n\n<li><a href='?page_no=14654'>14654<\/a><\/li>\n\n\n\n<li><a href='?page_no=14655'>14655<\/a><\/li>\n\n\n\n<li><a>...<\/a><\/li>\n\n\n\n<li><a href='?page_no=36999'>36999<\/a><\/li>\n\n\n\n<li><a href='?page_no=37000'>37000<\/a><\/li>\n\n    \n\t\n\n<li >\n\t<a href='?page_no=14654'>Next<\/a>\n\t<\/li>\n\n\n    \n\n<li><a href='?page_no=37000'>Last &rsaquo;&rsaquo;<\/a><\/li>\n\n<\/ul>\n\n\n--><br \/>\n<\/body><\/p>\n","protected":false},"excerpt":{"rendered":"<p>Santiago RD 5 septiembreS.- El presidente del Partido Reformista Social Cristiano (PRSC) abog\u00f3 aqu\u00ed por una mejoria y aumento de la cobertura de los servicios de salud en la Rep\u00fablica Dominicana. Dijo que son necesarias mayores inversiones en infraestructuras y equipos m\u00e9dicos para poder responder a la clase trabajadora, cuando demanda de asistencias m\u00e9dicas de [&hellip;]<\/p>\n","protected":false},"author":3,"featured_media":0,"comment_status":"open","ping_status":"open","sticky":false,"template":"","format":"standard","meta":{"footnotes":""},"categories":[22],"tags":[],"class_list":["post-162226","post","type-post","status-publish","format-standard","hentry","category-politica"],"_links":{"self":[{"href":"https:\/\/diariodominicano.com\/index.php?rest_route=\/wp\/v2\/posts\/162226","targetHints":{"allow":["GET"]}}],"collection":[{"href":"https:\/\/diariodominicano.com\/index.php?rest_route=\/wp\/v2\/posts"}],"about":[{"href":"https:\/\/diariodominicano.com\/index.php?rest_route=\/wp\/v2\/types\/post"}],"author":[{"embeddable":true,"href":"https:\/\/diariodominicano.com\/index.php?rest_route=\/wp\/v2\/users\/3"}],"replies":[{"embeddable":true,"href":"https:\/\/diariodominicano.com\/index.php?rest_route=%2Fwp%2Fv2%2Fcomments&post=162226"}],"version-history":[{"count":0,"href":"https:\/\/diariodominicano.com\/index.php?rest_route=\/wp\/v2\/posts\/162226\/revisions"}],"wp:attachment":[{"href":"https:\/\/diariodominicano.com\/index.php?rest_route=%2Fwp%2Fv2%2Fmedia&parent=162226"}],"wp:term":[{"taxonomy":"category","embeddable":true,"href":"https:\/\/diariodominicano.com\/index.php?rest_route=%2Fwp%2Fv2%2Fcategories&post=162226"},{"taxonomy":"post_tag","embeddable":true,"href":"https:\/\/diariodominicano.com\/index.php?rest_route=%2Fwp%2Fv2%2Ftags&post=162226"}],"curies":[{"name":"wp","href":"https:\/\/api.w.org\/{rel}","templated":true}]}}