{"id":162225,"date":"2014-09-05T16:03:19","date_gmt":"2014-09-05T16:03:19","guid":{"rendered":"http:\/\/diariodominicano.ddns.net\/?p=162225"},"modified":"2014-09-05T16:03:19","modified_gmt":"2014-09-05T16:03:19","slug":"lamentan-muerte-madre-del-senador-eddy-mateo-vasquez-dona-gladys-vasquez-de-mateo","status":"publish","type":"post","link":"https:\/\/diariodominicano.com\/?p=162225","title":{"rendered":"Lamentan muerte madre del senador Eddy Mateo V\u00e1squez; do\u00f1a Gladys V\u00e1squez de Mateo"},"content":{"rendered":"<p><body><\/p>\n<p>Barahona RD 5 septiembre.-Distintas personalidades de esta ciudad lamentaron el fallecimiento este viernes de la madre del senador Eddy Mateo V\u00e1squez, do\u00f1a Gladys V\u00e1squez de  Mateo.<\/p>\n<\/p>\n<p>Entre esas personalidades figuran, la diputada Noris Medina, el gobernador Pedro Pe\u00f1a Rubio, el director regional del Ministerio de Obras P\u00fablicas y Comunicaciones, Carlos Garc\u00eda y el ex senador Jos\u00e9 Gonz\u00e1lez Espinosa.<\/p>\n<\/p>\n<p>Adem\u00e1s los alcaldes de este municipio y Fundaci\u00f3n, Noel Suberv\u00ed Nin, Miguel \u00c1ngel Segura, el presidente de Khoury Industrial Sadhala Khoury, el Ministro de Industria y Comercio, Jos\u00e9 del Castillo Savi\u00f1\u00f3n.<\/p>\n<\/p>\n<p>Tambi\u00e9n el director de CONAVIHSIDA, doctor V\u00edctor Manuel Terrero, el ex fiscal Edgar Augusto Feliz M\u00e9ndez, el director regional del Ministerio de Industria y Comercio, Carlos Flori\u00e1n, el ingeniero Ernesto P\u00e9rez, Alfredo Dotel, director regional del Instituto Dominicano de Aviaci\u00f3n Civil (IDAC) entre otras.<\/p>\n<\/p>\n<p>La madre del legislador muri\u00f3 esta ma\u00f1ana en Santo Domingo, a la edad de  85 a\u00f1os expir\u00f3 producto de un infarto, seg\u00fan inform\u00f3  su nieto V\u00edctor Mateo.<\/p>\n<\/p>\n<p>La se\u00f1ora V\u00e1squez de Mateo esta siendo velada en la funeraria Blandino de la avenida Abraham Lincoln en la Capital.<\/p>\n<\/p>\n<p>A do\u00f1a Gladys le sobrevive su esposo Edigen Mateo y sus hijos Abel, Jos\u00e9 Dolores, Wilfrido, Franklin, Rosa, Altagracia, Gladys y Eddy Mateo V\u00e1squez.<\/p>\n<\/p>\n<p>El sepelio se realizar\u00e1 este s\u00e1bado en Santo Domingo, en horas de la ma\u00f1ana.<\/p>\n<h6> 2014-09-05 16:03:19 <\/h6>\n<p><!--\n<link rel=\"stylesheet\" href=\"css\/bootstrap.min.css\">\n\n\n<ul class=\"pagination\">\n\t    \n\t\n\n<li >\n\t<a href='?page_no=14651'>Previous<\/a>\n\t<\/li>\n\n\n       \n    \n\n<li><a href='?page_no=1'>1<\/a><\/li>\n\n\n\n<li><a href='?page_no=2'>2<\/a><\/li>\n\n\n\n<li><a>...<\/a><\/li>\n\n\n\n<li><a href='?page_no=14650'>14650<\/a><\/li>\n\n\n\n<li><a href='?page_no=14651'>14651<\/a><\/li>\n\n\n\n<li class='active'><a>14652<\/a><\/li>\n\n\n\n<li><a href='?page_no=14653'>14653<\/a><\/li>\n\n\n\n<li><a href='?page_no=14654'>14654<\/a><\/li>\n\n\n\n<li><a>...<\/a><\/li>\n\n\n\n<li><a href='?page_no=36999'>36999<\/a><\/li>\n\n\n\n<li><a href='?page_no=37000'>37000<\/a><\/li>\n\n    \n\t\n\n<li >\n\t<a href='?page_no=14653'>Next<\/a>\n\t<\/li>\n\n\n    \n\n<li><a href='?page_no=37000'>Last &rsaquo;&rsaquo;<\/a><\/li>\n\n<\/ul>\n\n\n--><br \/>\n<\/body><\/p>\n","protected":false},"excerpt":{"rendered":"<p>Barahona RD 5 septiembre.-Distintas personalidades de esta ciudad lamentaron el fallecimiento este viernes de la madre del senador Eddy Mateo V\u00e1squez, do\u00f1a Gladys V\u00e1squez de Mateo. Entre esas personalidades figuran, la diputada Noris Medina, el gobernador Pedro Pe\u00f1a Rubio, el director regional del Ministerio de Obras P\u00fablicas y Comunicaciones, Carlos Garc\u00eda y el ex senador [&hellip;]<\/p>\n","protected":false},"author":3,"featured_media":0,"comment_status":"open","ping_status":"open","sticky":false,"template":"","format":"standard","meta":{"footnotes":""},"categories":[22],"tags":[],"class_list":["post-162225","post","type-post","status-publish","format-standard","hentry","category-politica"],"_links":{"self":[{"href":"https:\/\/diariodominicano.com\/index.php?rest_route=\/wp\/v2\/posts\/162225","targetHints":{"allow":["GET"]}}],"collection":[{"href":"https:\/\/diariodominicano.com\/index.php?rest_route=\/wp\/v2\/posts"}],"about":[{"href":"https:\/\/diariodominicano.com\/index.php?rest_route=\/wp\/v2\/types\/post"}],"author":[{"embeddable":true,"href":"https:\/\/diariodominicano.com\/index.php?rest_route=\/wp\/v2\/users\/3"}],"replies":[{"embeddable":true,"href":"https:\/\/diariodominicano.com\/index.php?rest_route=%2Fwp%2Fv2%2Fcomments&post=162225"}],"version-history":[{"count":0,"href":"https:\/\/diariodominicano.com\/index.php?rest_route=\/wp\/v2\/posts\/162225\/revisions"}],"wp:attachment":[{"href":"https:\/\/diariodominicano.com\/index.php?rest_route=%2Fwp%2Fv2%2Fmedia&parent=162225"}],"wp:term":[{"taxonomy":"category","embeddable":true,"href":"https:\/\/diariodominicano.com\/index.php?rest_route=%2Fwp%2Fv2%2Fcategories&post=162225"},{"taxonomy":"post_tag","embeddable":true,"href":"https:\/\/diariodominicano.com\/index.php?rest_route=%2Fwp%2Fv2%2Ftags&post=162225"}],"curies":[{"name":"wp","href":"https:\/\/api.w.org\/{rel}","templated":true}]}}