{"id":162224,"date":"2014-09-05T17:20:56","date_gmt":"2014-09-05T17:20:56","guid":{"rendered":"http:\/\/diariodominicano.ddns.net\/?p=162224"},"modified":"2014-09-05T17:20:56","modified_gmt":"2014-09-05T17:20:56","slug":"pared-perez-dice-en-ny-que-valoracion-del-pld-se-debe-al-buen-gobierno-de-danilo-medina","status":"publish","type":"post","link":"https:\/\/diariodominicano.com\/?p=162224","title":{"rendered":"Pared P\u00e9rez dice en NY que valoraci\u00f3n del PLD se debe al buen gobierno de Danilo Medina.&#13;"},"content":{"rendered":"<p><body><\/p>\n<p><img decoding=\"async\" src=\"img3\/pared 5.jpg\" \/>  <\/p>\n<p>Nueva York 5 septiembre.- Para Reinaldo Pared P\u00e9rez, secretario general del Partido de la Liberaci\u00f3n Dominicana,  los altos niveles de de simpat\u00eda de esa organizaci\u00f3n pol\u00edtica en  la poblaci\u00f3n dominicana se debe en gran medida a la alta valoraci\u00f3n de sus gestiones de gobierno.<\/p>\n<\/p>\n<p>Calific\u00f3 la gesti\u00f3n que encabeza el Presidente Danilo Medina  como de \u00abbuen gobierno\u00bb<\/p>\n<\/p>\n<p>\u00abEl buen posicionamiento y la valoraci\u00f3n que tiene el PLD, en la poblaci\u00f3n dominicana se debe en parte al ejemplar gobierno que est\u00e1 realizando el compa\u00f1ero Danilo Medina\u00bb, expres\u00f3 Pared P\u00e9rez en Nueva York en encuentro realizado la noche del jueves en el local del comit\u00e9 seccional.<\/p>\n<\/p>\n<p>Apunt\u00f3 que el mandatario pr\u00e1cticamente  hace \u00abun gobierno con las manos peladas\u00bb  y si embargo  en su gesti\u00f3n el PLD mantiene un nivel de  aceptaci\u00f3n en  la poblaci\u00f3n que supera el 50%.<\/p>\n<\/p>\n<p>Pared P\u00e9rez  consider\u00f3 que el PLD, tiene entre  sus dirigentes,  hombres y mujeres  con la suficiente capacidad pol\u00edtica para dirigir los destinos de la naci\u00f3n dominicana.<\/p>\n<\/p>\n<p>El secretario General del PLD, reconoci\u00f3 que existe un descontento en la base pelede\u00edsta, pero que la disciplina partidaria  mantiene la unidad interna del partido.<\/p>\n<\/p>\n<p>\u00abSabemos que algunos compa\u00f1eros han dado muestras de descontento, porque no todos han podido formar parte del gobierno, pero la disciplina partidaria mostrada por  los pelede\u00edstas, nunca quebrantar\u00e1  la unidad interna del partido\u00bb, dijo Reinaldo Pared P\u00e9rez<\/p>\n<\/p>\n<p>Estas y otras consideraciones las expuso al participar en un encuentro con la direcci\u00f3n del Partido en la ciudad de Nueva York, la que  se realiz\u00f3 en el segundo piso del local central del Partido de la Liberaci\u00f3n Dominicana  en la seccional Jaime Vargas,   seg\u00fan el reporte de Jos\u00e9 D. batista de la Secretar\u00eda de Comunicaciones del PLD en New York<\/p>\n<\/p>\n<\/p>\n<h6> 2014-09-05 17:20:56 <\/h6>\n<p><!--\n<link rel=\"stylesheet\" href=\"css\/bootstrap.min.css\">\n\n\n<ul class=\"pagination\">\n\t    \n\t\n\n<li >\n\t<a href='?page_no=14650'>Previous<\/a>\n\t<\/li>\n\n\n       \n    \n\n<li><a href='?page_no=1'>1<\/a><\/li>\n\n\n\n<li><a href='?page_no=2'>2<\/a><\/li>\n\n\n\n<li><a>...<\/a><\/li>\n\n\n\n<li><a href='?page_no=14649'>14649<\/a><\/li>\n\n\n\n<li><a href='?page_no=14650'>14650<\/a><\/li>\n\n\n\n<li class='active'><a>14651<\/a><\/li>\n\n\n\n<li><a href='?page_no=14652'>14652<\/a><\/li>\n\n\n\n<li><a href='?page_no=14653'>14653<\/a><\/li>\n\n\n\n<li><a>...<\/a><\/li>\n\n\n\n<li><a href='?page_no=36999'>36999<\/a><\/li>\n\n\n\n<li><a href='?page_no=37000'>37000<\/a><\/li>\n\n    \n\t\n\n<li >\n\t<a href='?page_no=14652'>Next<\/a>\n\t<\/li>\n\n\n    \n\n<li><a href='?page_no=37000'>Last &rsaquo;&rsaquo;<\/a><\/li>\n\n<\/ul>\n\n\n--><br \/>\n<\/body><\/p>\n","protected":false},"excerpt":{"rendered":"<p>Nueva York 5 septiembre.- Para Reinaldo Pared P\u00e9rez, secretario general del Partido de la Liberaci\u00f3n Dominicana, los altos niveles de de simpat\u00eda de esa organizaci\u00f3n pol\u00edtica en la poblaci\u00f3n dominicana se debe en gran medida a la alta valoraci\u00f3n de sus gestiones de gobierno. Calific\u00f3 la gesti\u00f3n que encabeza el Presidente Danilo Medina como de [&hellip;]<\/p>\n","protected":false},"author":3,"featured_media":0,"comment_status":"open","ping_status":"open","sticky":false,"template":"","format":"standard","meta":{"footnotes":""},"categories":[22],"tags":[],"class_list":["post-162224","post","type-post","status-publish","format-standard","hentry","category-politica"],"_links":{"self":[{"href":"https:\/\/diariodominicano.com\/index.php?rest_route=\/wp\/v2\/posts\/162224","targetHints":{"allow":["GET"]}}],"collection":[{"href":"https:\/\/diariodominicano.com\/index.php?rest_route=\/wp\/v2\/posts"}],"about":[{"href":"https:\/\/diariodominicano.com\/index.php?rest_route=\/wp\/v2\/types\/post"}],"author":[{"embeddable":true,"href":"https:\/\/diariodominicano.com\/index.php?rest_route=\/wp\/v2\/users\/3"}],"replies":[{"embeddable":true,"href":"https:\/\/diariodominicano.com\/index.php?rest_route=%2Fwp%2Fv2%2Fcomments&post=162224"}],"version-history":[{"count":0,"href":"https:\/\/diariodominicano.com\/index.php?rest_route=\/wp\/v2\/posts\/162224\/revisions"}],"wp:attachment":[{"href":"https:\/\/diariodominicano.com\/index.php?rest_route=%2Fwp%2Fv2%2Fmedia&parent=162224"}],"wp:term":[{"taxonomy":"category","embeddable":true,"href":"https:\/\/diariodominicano.com\/index.php?rest_route=%2Fwp%2Fv2%2Fcategories&post=162224"},{"taxonomy":"post_tag","embeddable":true,"href":"https:\/\/diariodominicano.com\/index.php?rest_route=%2Fwp%2Fv2%2Ftags&post=162224"}],"curies":[{"name":"wp","href":"https:\/\/api.w.org\/{rel}","templated":true}]}}