{"id":162223,"date":"2014-09-05T18:11:35","date_gmt":"2014-09-05T18:11:35","guid":{"rendered":"http:\/\/diariodominicano.ddns.net\/?p=162223"},"modified":"2014-09-05T18:11:35","modified_gmt":"2014-09-05T18:11:35","slug":"dirigente-de-alianza-pais-dice-medina-actuo-en-funcion-de-los-intereses-de-su-partido-no-de-los-intereses-nacionales","status":"publish","type":"post","link":"https:\/\/diariodominicano.com\/?p=162223","title":{"rendered":"&#13;Dirigente de Alianza Pa\u00eds dice Medina actu\u00f3 en funci\u00f3n de los intereses de su partido, no de los intereses nacionales"},"content":{"rendered":"<p><body><\/p>\n<p><img decoding=\"async\" src=\"http:\/\/localhost:8080\/img3\/rodr%C3%83%C2%ADguez.jpg\" \/>  <\/p>\n<\/p>\n<p><span class=\"text1noticias\"> <\/span><\/p>\n<p><span class=\"text1noticias\"> <\/span><\/p>\n<p><span class=\"text1noticias\"> <\/span><\/p>\n<\/p>\n<p><span class=\"text1noticias\">As\u00ed se expres\u00f3 Luis Mayobanex Rodr\u00edguez (Radham\u00e9s), Coordinador de Alianza Pa\u00eds.<\/span><\/p>\n<\/p>\n<p><span class=\"text1noticias\">Dijo que tanto \u00e9l como el Comit\u00e9 Pol\u00edtico de su partido y la mayor parte de sus legisladores, pusieron al Congreso Nacional, bajo su control, a votar por un proyecto de Ley que sab\u00edan ser\u00eda objetado por el Ejecutivo.<\/span><\/p>\n<p><span class=\"text1noticias\"> <\/span><\/p>\n<p><span class=\"text1noticias\">Manifest\u00f3 que calcularon que as\u00ed limpiaban un poco la imagen de un poder legislativo desprestigiado y enlodado, cuyos integrantes optar\u00e1n por reelegirse en las pr\u00f3ximas elecciones, recayendo en el Presidente la cuota de impopularidad que traer\u00e1 consigo la perversa decisi\u00f3n de abrir a la explotaci\u00f3n minera a Loma Miranda.<\/span><\/p>\n<p><span class=\"text1noticias\"> <\/span><\/p>\n<p><span class=\"text1noticias\">Agreg\u00f3 que para la c\u00fapula del partido oficial, la decisi\u00f3n adoptada por el presidente Medina sobre un conflicto de alto riesgo pol\u00edtico como el de Loma Miranda, si bien afecta su elevado nivel de aprobaci\u00f3n, no pone en peligro su estrategia electoral continuista.<\/span><\/p>\n<p><span class=\"text1noticias\"> <\/span><\/p>\n<p><span class=\"text1noticias\">Rodr\u00edguez  dijo que este c\u00e1lculo parte, adem\u00e1s de la imagen positiva que hasta ahora tiene el presidente, del control que ejercen en los principales medios de comunicaci\u00f3n, de su poder econ\u00f3mico para doblar voluntades y del pronunciado d\u00e9ficit que registra la actividad partidaria opositora en el pa\u00eds.<\/span><\/p>\n<p><span class=\"text1noticias\"> <\/span><\/p>\n<p><span class=\"text1noticias\">Indic\u00f3 que sin embargo, la l\u00f3gica del oficialismo obvia que el reclamo de no someter a explotaci\u00f3n a Loma Miranda se adue\u00f1\u00f3 del alma nacional. Que este ha sido y es un prop\u00f3sito de la ciudadan\u00eda, yendo, por tanto, m\u00e1s all\u00e1 del partidismo dominicano.<\/span><\/p>\n<p><span class=\"text1noticias\"> <\/span><\/p>\n<p><span class=\"text1noticias\">\u00a8El menosprecio del pelede\u00edsmo a la capacidad creativa de lucha del pueblo, sobre todo de los j\u00f3venes, de los medios ambientalistas y sectores religiosos, le lleva a olvidar las poderosas y masivas jornadas de lucha y resistencia ocurridas alrededor de temas como los Haitises, el 4% para la educaci\u00f3n, Bah\u00eda de Las \u00c1guilas, la corrupci\u00f3n e impunidad publicas y el d\u00e9ficit fiscal de m\u00e1s de 205 mil millones de pesos dejado por la administraci\u00f3n que encabez\u00f3 Leonel Fern\u00e1ndez\u00a8, apunt\u00f3<\/span><\/p>\n<p><span class=\"text1noticias\"> <\/span><\/p>\n<p><span class=\"text1noticias\">Expres\u00f3 que con su decisi\u00f3n, Danilo Medina expuso a la vista de todos\/as que por su propia naturaleza gobierna para proteger los intereses de la oligarqu\u00eda y de las transnacionales.<\/span><\/p>\n<p><span class=\"text1noticias\"> <\/span><\/p>\n<p><span class=\"text1noticias\">Confirm\u00f3 lo dicho de manera reiterativa por el doctor Guillermo Moreno, que su diferencia es s\u00f3lo de forma con los gobiernos anteriores, resultando en su contenido m\u00e1s de lo mismo.<\/span><\/p>\n<p><span class=\"text1noticias\"> <\/span><\/p>\n<p><span class=\"text1noticias\">Advirti\u00f3 que no hay de otra, el caso de Loma Miranda se resolver\u00e1 en las calles de la naci\u00f3n dominicana.<\/span><\/p>\n<h6> 2014-09-05 18:11:35 <\/h6>\n<p><!--\n<link rel=\"stylesheet\" href=\"css\/bootstrap.min.css\">\n\n\n<ul class=\"pagination\">\n\t    \n\t\n\n<li >\n\t<a href='?page_no=14649'>Previous<\/a>\n\t<\/li>\n\n\n       \n    \n\n<li><a href='?page_no=1'>1<\/a><\/li>\n\n\n\n<li><a href='?page_no=2'>2<\/a><\/li>\n\n\n\n<li><a>...<\/a><\/li>\n\n\n\n<li><a href='?page_no=14648'>14648<\/a><\/li>\n\n\n\n<li><a href='?page_no=14649'>14649<\/a><\/li>\n\n\n\n<li class='active'><a>14650<\/a><\/li>\n\n\n\n<li><a href='?page_no=14651'>14651<\/a><\/li>\n\n\n\n<li><a href='?page_no=14652'>14652<\/a><\/li>\n\n\n\n<li><a>...<\/a><\/li>\n\n\n\n<li><a href='?page_no=36999'>36999<\/a><\/li>\n\n\n\n<li><a href='?page_no=37000'>37000<\/a><\/li>\n\n    \n\t\n\n<li >\n\t<a href='?page_no=14651'>Next<\/a>\n\t<\/li>\n\n\n    \n\n<li><a href='?page_no=37000'>Last &rsaquo;&rsaquo;<\/a><\/li>\n\n<\/ul>\n\n\n--><br \/>\n<\/body><\/p>\n","protected":false},"excerpt":{"rendered":"<p>As\u00ed se expres\u00f3 Luis Mayobanex Rodr\u00edguez (Radham\u00e9s), Coordinador de Alianza Pa\u00eds. Dijo que tanto \u00e9l como el Comit\u00e9 Pol\u00edtico de su partido y la mayor parte de sus legisladores, pusieron al Congreso Nacional, bajo su control, a votar por un proyecto de Ley que sab\u00edan ser\u00eda objetado por el Ejecutivo. Manifest\u00f3 que calcularon que as\u00ed [&hellip;]<\/p>\n","protected":false},"author":3,"featured_media":0,"comment_status":"open","ping_status":"open","sticky":false,"template":"","format":"standard","meta":{"footnotes":""},"categories":[22],"tags":[],"class_list":["post-162223","post","type-post","status-publish","format-standard","hentry","category-politica"],"_links":{"self":[{"href":"https:\/\/diariodominicano.com\/index.php?rest_route=\/wp\/v2\/posts\/162223","targetHints":{"allow":["GET"]}}],"collection":[{"href":"https:\/\/diariodominicano.com\/index.php?rest_route=\/wp\/v2\/posts"}],"about":[{"href":"https:\/\/diariodominicano.com\/index.php?rest_route=\/wp\/v2\/types\/post"}],"author":[{"embeddable":true,"href":"https:\/\/diariodominicano.com\/index.php?rest_route=\/wp\/v2\/users\/3"}],"replies":[{"embeddable":true,"href":"https:\/\/diariodominicano.com\/index.php?rest_route=%2Fwp%2Fv2%2Fcomments&post=162223"}],"version-history":[{"count":0,"href":"https:\/\/diariodominicano.com\/index.php?rest_route=\/wp\/v2\/posts\/162223\/revisions"}],"wp:attachment":[{"href":"https:\/\/diariodominicano.com\/index.php?rest_route=%2Fwp%2Fv2%2Fmedia&parent=162223"}],"wp:term":[{"taxonomy":"category","embeddable":true,"href":"https:\/\/diariodominicano.com\/index.php?rest_route=%2Fwp%2Fv2%2Fcategories&post=162223"},{"taxonomy":"post_tag","embeddable":true,"href":"https:\/\/diariodominicano.com\/index.php?rest_route=%2Fwp%2Fv2%2Ftags&post=162223"}],"curies":[{"name":"wp","href":"https:\/\/api.w.org\/{rel}","templated":true}]}}