{"id":162220,"date":"2014-09-05T18:51:56","date_gmt":"2014-09-05T18:51:56","guid":{"rendered":"http:\/\/diariodominicano.ddns.net\/?p=162220"},"modified":"2014-09-05T18:51:56","modified_gmt":"2014-09-05T18:51:56","slug":"franklin-almeyda-explica-que-anteproyecto-del-pld-es-resultado-de-horas-de-trabajo-consultas-y-deliberaciones","status":"publish","type":"post","link":"https:\/\/diariodominicano.com\/?p=162220","title":{"rendered":"&#13;&#13;&#13;Franklin Almeyda explica que anteproyecto del PLD es resultado de horas de trabajo, consultas y deliberaciones"},"content":{"rendered":"<p><body><\/p>\n<p><img decoding=\"async\" src=\"img3\/Franklin Almeyda.jpg\" \/>  <\/p>\n<\/p>\n<p><span class=\"text1noticias\"> <\/span><\/p>\n<p><span class=\"text1noticias\">Santo Domingo, RD, 5 de septiembre.- Franklin Almeyda, miembro del Comit\u00e9 Pol\u00edtico del Partido de la Liberaci\u00f3n Dominicana (PLD), aclar\u00f3 que el anteproyecto que esa organizaci\u00f3n present\u00f3 al Congreso es el resultado de un minucioso estudio del funcionamiento de los partidos, amplias discusiones en el seno de la Direcci\u00f3n Pol\u00edtica y consenso con todas las agrupaciones activas en el pa\u00eds<\/span><\/p>\n<p><span class=\"text1noticias\"> <\/span><\/p>\n<p><span class=\"text1noticias\">Almeyda destaca que el documento entregado esta misma semana a los congresistas del Partido de la Liberaci\u00f3n Dominicana es  el resultado de muchas reuniones y horas de trabajo, manejando  los diversos temas, en el caso de su partido y con los  partidos del  Bloque Progresista.<\/span><\/p>\n<p><span class=\"text1noticias\"> <\/span><\/p>\n<p><span class=\"text1noticias\">\u00abHab\u00eda que tener las opiniones de las organizaciones aliadas sobre lo que se har\u00eda, tambi\u00e9n all\u00ed hab\u00eda que diferenciar sobre c\u00f3mo hacer las cosas\u00bb, expres\u00f3 Almeyda Rancier en  nota divulgada por el PLD  a trav\u00e9s de la Secretar\u00eda de Comunicaciones.<\/span><\/p>\n<p><span class=\"text1noticias\"> <\/span><\/p>\n<p><span class=\"text1noticias\">Almeyda  particip\u00f3 en el programa Telematutino 11 donde apunt\u00f3 que  un tema de amplia discusi\u00f3n  fue la relativa a la propuesta  de que la primaria de todas las organizaciones fuese de manera simult\u00e1nea y con el padr\u00f3n de la Junta Central Electoral<\/span><\/p>\n<p><span class=\"text1noticias\"> <\/span><\/p>\n<p><span class=\"text1noticias\">A juicio del dirigente Franklin Almeyda,  los partidos en el fondo no necesitaban esa Ley tras  se\u00f1alar que el problema de estos  no es un asunto de Ley sino de las conductas de estos.<\/span><\/p>\n<p><span class=\"text1noticias\"> <\/span><\/p>\n<p><span class=\"text1noticias\">A raz\u00f3n de ejemplo,  se\u00f1ala que una ley no puede resolver los problemas en el PRD.<\/span><\/p>\n<p><span class=\"text1noticias\"> <\/span><\/p>\n<p><span class=\"text1noticias\">Franklin Almeyda manifest\u00f3 que lo que s\u00ed es de rigor es la aplicaci\u00f3n de la Ley Electoral que es la que regula a los partidos y las competencias electorales, y la que debe establecer, por ejemplo, que estos  no reciban fondos indebidos.<\/span><\/p>\n<p><span class=\"text1noticias\"> <\/span><\/p>\n<p><span class=\"text1noticias\">Esta semana una comisi\u00f3n del Comit\u00e9 Pol\u00edtico de la que Almeyda forma parte, entreg\u00f3 a los congresistas del PLD un anteproyecto de Ley de Partidos y Agrupaciones Pol\u00edticas en donde se fija la posici\u00f3n oficial de la organizaci\u00f3n.<\/span><\/p>\n<p><span class=\"text1noticias\"> <\/span><\/p>\n<p><span class=\"text1noticias\">Se adelant\u00f3 para la pr\u00f3xima semana un encuentro con los partidos aliados para socializar el anteproyecto que finalmente result\u00f3 despu\u00e9s de los an\u00e1lisis, discusiones y consultas<\/span><\/p>\n<h6> 2014-09-05 18:51:56 <\/h6>\n<p><!--\n<link rel=\"stylesheet\" href=\"css\/bootstrap.min.css\">\n\n\n<ul class=\"pagination\">\n\t    \n\t\n\n<li >\n\t<a href='?page_no=14647'>Previous<\/a>\n\t<\/li>\n\n\n       \n    \n\n<li><a href='?page_no=1'>1<\/a><\/li>\n\n\n\n<li><a href='?page_no=2'>2<\/a><\/li>\n\n\n\n<li><a>...<\/a><\/li>\n\n\n\n<li><a href='?page_no=14646'>14646<\/a><\/li>\n\n\n\n<li><a href='?page_no=14647'>14647<\/a><\/li>\n\n\n\n<li class='active'><a>14648<\/a><\/li>\n\n\n\n<li><a href='?page_no=14649'>14649<\/a><\/li>\n\n\n\n<li><a href='?page_no=14650'>14650<\/a><\/li>\n\n\n\n<li><a>...<\/a><\/li>\n\n\n\n<li><a href='?page_no=36999'>36999<\/a><\/li>\n\n\n\n<li><a href='?page_no=37000'>37000<\/a><\/li>\n\n    \n\t\n\n<li >\n\t<a href='?page_no=14649'>Next<\/a>\n\t<\/li>\n\n\n    \n\n<li><a href='?page_no=37000'>Last &rsaquo;&rsaquo;<\/a><\/li>\n\n<\/ul>\n\n\n--><br \/>\n<\/body><\/p>\n","protected":false},"excerpt":{"rendered":"<p>Santo Domingo, RD, 5 de septiembre.- Franklin Almeyda, miembro del Comit\u00e9 Pol\u00edtico del Partido de la Liberaci\u00f3n Dominicana (PLD), aclar\u00f3 que el anteproyecto que esa organizaci\u00f3n present\u00f3 al Congreso es el resultado de un minucioso estudio del funcionamiento de los partidos, amplias discusiones en el seno de la Direcci\u00f3n Pol\u00edtica y consenso con todas las [&hellip;]<\/p>\n","protected":false},"author":3,"featured_media":0,"comment_status":"open","ping_status":"open","sticky":false,"template":"","format":"standard","meta":{"footnotes":""},"categories":[22],"tags":[],"class_list":["post-162220","post","type-post","status-publish","format-standard","hentry","category-politica"],"_links":{"self":[{"href":"https:\/\/diariodominicano.com\/index.php?rest_route=\/wp\/v2\/posts\/162220","targetHints":{"allow":["GET"]}}],"collection":[{"href":"https:\/\/diariodominicano.com\/index.php?rest_route=\/wp\/v2\/posts"}],"about":[{"href":"https:\/\/diariodominicano.com\/index.php?rest_route=\/wp\/v2\/types\/post"}],"author":[{"embeddable":true,"href":"https:\/\/diariodominicano.com\/index.php?rest_route=\/wp\/v2\/users\/3"}],"replies":[{"embeddable":true,"href":"https:\/\/diariodominicano.com\/index.php?rest_route=%2Fwp%2Fv2%2Fcomments&post=162220"}],"version-history":[{"count":0,"href":"https:\/\/diariodominicano.com\/index.php?rest_route=\/wp\/v2\/posts\/162220\/revisions"}],"wp:attachment":[{"href":"https:\/\/diariodominicano.com\/index.php?rest_route=%2Fwp%2Fv2%2Fmedia&parent=162220"}],"wp:term":[{"taxonomy":"category","embeddable":true,"href":"https:\/\/diariodominicano.com\/index.php?rest_route=%2Fwp%2Fv2%2Fcategories&post=162220"},{"taxonomy":"post_tag","embeddable":true,"href":"https:\/\/diariodominicano.com\/index.php?rest_route=%2Fwp%2Fv2%2Ftags&post=162220"}],"curies":[{"name":"wp","href":"https:\/\/api.w.org\/{rel}","templated":true}]}}