{"id":162218,"date":"2014-09-06T16:41:11","date_gmt":"2014-09-06T16:41:11","guid":{"rendered":"http:\/\/diariodominicano.ddns.net\/?p=162218"},"modified":"2014-09-06T16:41:11","modified_gmt":"2014-09-06T16:41:11","slug":"activistas-criollos-ny-apoyan-posicion-lider-comunitario-miguel-estrella","status":"publish","type":"post","link":"https:\/\/diariodominicano.com\/?p=162218","title":{"rendered":"Activistas criollos NY apoyan posici\u00f3n l\u00edder comunitario Miguel Estrella"},"content":{"rendered":"<p><body><\/p>\n<p><span class=\"text1noticias\">Por Ram\u00f3n Mercedes<\/span><\/p>\n<\/p>\n<p><span class=\"text1noticias\">Nueva York, EE.UU. 6 de Septiembre.-Varios activistas comunitarios en esta ciudad apoyaron la reciente posici\u00f3n asumida p\u00fablicamente por el l\u00edder comunitario y dirigente pol\u00edtico, Miguel Estrella, en el sentido de que el alcalde Bill de Blasio podr\u00eda tener prejuicios contra los dominicanos de La Gran Manzana.<\/span><\/p>\n<\/p>\n<p><span class=\"text1noticias\">Los activistas comunitarios sostienen que est\u00e1n realizando reuniones entre sectores de la comunidad para darle a conocer el accionar negativo que est\u00e1 ejecutando el alcalde De Blasio contra los quisqueyanos de la urbe.<\/span><\/p>\n<\/p>\n<p><span class=\"text1noticias\">Recordaron, como bien lo manifiesta el doctor Estrella, que todo comenz\u00f3 en el reciente encuentro realizado en la sede de la casa de la Alcald\u00eda con los representativos de la comunidad criolla, aludiendo al presidente del Desfile Dominicano, destacando y presentando al concejal haitiano por Brooklyn, Mathieu Eugene, \u00abAqu\u00ed tenemos el concejal procedente de la \u00abIsla Hispaniola\u00bb, es decir, que promovi\u00f3 el ideal de la insularidad, o sea, la fusi\u00f3n de las poblaciones haitiana y dominicana, lo cual disgust\u00f3 a muchos de los presentes, ya que el Desfile no es de la isla Hispaniola sino de la comunidad dominicana.<\/span><\/p>\n<\/p>\n<p><span class=\"text1noticias\">Precisaron que De Blasio les hizo el plant\u00f3n a los dominicanos al no asistir a dicho Desfile, pero nosotros gozamos nuestra dominicanidad, cultura, tradici\u00f3n, patriotismo y apoyamos a Nelson Pe\u00f1a como un l\u00edder de lo nuestro, aseguran.<\/span><\/p>\n<\/p>\n<p><span class=\"text1noticias\">Durante su enjuiciamiento al alcalde, Estrella llam\u00f3 a tener presente al enfocar la situaci\u00f3n De Blasio, de raza blanca, quien est\u00e1 casado desde hace 19 a\u00f1os con Chirlane McCray, una escritora y poeta negra de gran prestigio, de sobresaliente trayectoria en contra de la discriminaci\u00f3n y los prejuicios raciales en la sociedad estadounidense, y por quien el ejecutivo de la Metr\u00f3poli manifiesta un gran respeto y admiraci\u00f3n.<\/span><\/p>\n<\/p>\n<p><span class=\"text1noticias\">Entre los activistas que apoyan al doctor Estrella figuran Juan Manuel Castro, Antonio C\u00e1ceres, Freddy Antonio Contreras, Mar\u00eda Casta\u00f1eda, Josefina Alc\u00e1ntara, Jorge Cortorreal, Rodolfo Guzm\u00e1n Rodr\u00edguez, Juan Jos\u00e9 Melenciano, Marcos Ginebra Rojas y Jos\u00e9 R. Moronta, entre otros.(HG)<\/span>. <\/p>\n<h6> 2014-09-06 16:41:11 <\/h6>\n<p><!--\n<link rel=\"stylesheet\" href=\"css\/bootstrap.min.css\">\n\n\n<ul class=\"pagination\">\n\t    \n\t\n\n<li >\n\t<a href='?page_no=14645'>Previous<\/a>\n\t<\/li>\n\n\n       \n    \n\n<li><a href='?page_no=1'>1<\/a><\/li>\n\n\n\n<li><a href='?page_no=2'>2<\/a><\/li>\n\n\n\n<li><a>...<\/a><\/li>\n\n\n\n<li><a href='?page_no=14644'>14644<\/a><\/li>\n\n\n\n<li><a href='?page_no=14645'>14645<\/a><\/li>\n\n\n\n<li class='active'><a>14646<\/a><\/li>\n\n\n\n<li><a href='?page_no=14647'>14647<\/a><\/li>\n\n\n\n<li><a href='?page_no=14648'>14648<\/a><\/li>\n\n\n\n<li><a>...<\/a><\/li>\n\n\n\n<li><a href='?page_no=36999'>36999<\/a><\/li>\n\n\n\n<li><a href='?page_no=37000'>37000<\/a><\/li>\n\n    \n\t\n\n<li >\n\t<a href='?page_no=14647'>Next<\/a>\n\t<\/li>\n\n\n    \n\n<li><a href='?page_no=37000'>Last &rsaquo;&rsaquo;<\/a><\/li>\n\n<\/ul>\n\n\n--><br \/>\n<\/body><\/p>\n","protected":false},"excerpt":{"rendered":"<p>Por Ram\u00f3n Mercedes Nueva York, EE.UU. 6 de Septiembre.-Varios activistas comunitarios en esta ciudad apoyaron la reciente posici\u00f3n asumida p\u00fablicamente por el l\u00edder comunitario y dirigente pol\u00edtico, Miguel Estrella, en el sentido de que el alcalde Bill de Blasio podr\u00eda tener prejuicios contra los dominicanos de La Gran Manzana. Los activistas comunitarios sostienen que est\u00e1n [&hellip;]<\/p>\n","protected":false},"author":3,"featured_media":0,"comment_status":"open","ping_status":"open","sticky":false,"template":"","format":"standard","meta":{"footnotes":""},"categories":[22],"tags":[],"class_list":["post-162218","post","type-post","status-publish","format-standard","hentry","category-politica"],"_links":{"self":[{"href":"https:\/\/diariodominicano.com\/index.php?rest_route=\/wp\/v2\/posts\/162218","targetHints":{"allow":["GET"]}}],"collection":[{"href":"https:\/\/diariodominicano.com\/index.php?rest_route=\/wp\/v2\/posts"}],"about":[{"href":"https:\/\/diariodominicano.com\/index.php?rest_route=\/wp\/v2\/types\/post"}],"author":[{"embeddable":true,"href":"https:\/\/diariodominicano.com\/index.php?rest_route=\/wp\/v2\/users\/3"}],"replies":[{"embeddable":true,"href":"https:\/\/diariodominicano.com\/index.php?rest_route=%2Fwp%2Fv2%2Fcomments&post=162218"}],"version-history":[{"count":0,"href":"https:\/\/diariodominicano.com\/index.php?rest_route=\/wp\/v2\/posts\/162218\/revisions"}],"wp:attachment":[{"href":"https:\/\/diariodominicano.com\/index.php?rest_route=%2Fwp%2Fv2%2Fmedia&parent=162218"}],"wp:term":[{"taxonomy":"category","embeddable":true,"href":"https:\/\/diariodominicano.com\/index.php?rest_route=%2Fwp%2Fv2%2Fcategories&post=162218"},{"taxonomy":"post_tag","embeddable":true,"href":"https:\/\/diariodominicano.com\/index.php?rest_route=%2Fwp%2Fv2%2Ftags&post=162218"}],"curies":[{"name":"wp","href":"https:\/\/api.w.org\/{rel}","templated":true}]}}