{"id":162217,"date":"2014-09-06T17:08:00","date_gmt":"2014-09-06T17:08:00","guid":{"rendered":"http:\/\/diariodominicano.ddns.net\/?p=162217"},"modified":"2014-09-06T17:08:00","modified_gmt":"2014-09-06T17:08:00","slug":"antonio-marte-denuncia-que-ha-sido-perseguido-por-los-gobiernos-del-prd-y-el-pld","status":"publish","type":"post","link":"https:\/\/diariodominicano.com\/?p=162217","title":{"rendered":"Antonio Marte denuncia que ha sido perseguido por los gobiernos del PRD y el PLD"},"content":{"rendered":"<p><body><\/p>\n<p><img decoding=\"async\" src=\"img3\/marte.jpg\" \/>  <\/p>\n<p><span class=\"text1noticias\">Santo Domingo, RD, 6 de Septiembre.-El presidente del Movimiento Primero la Gente (MPG), Antonio Marte, denunci\u00f3 que en los gobiernos del Partido Revolucionario Dominicano y del Partido de la Liberaci\u00f3n Dominicana, ha sido perseguido por su forma de ser independiente.<\/span><\/p>\n<\/p>\n<p><span class=\"text1noticias\">Entrevistado en el programa Agenda Semanal que produce el periodista Balbueno Medina, todos los s\u00e1bados a las 12 del mediod\u00eda por Santo Domingo TV, canales 69 de uhf y 24 de los sistemas nacional de cable, Marte, dijo que con relaci\u00f3n al PRD, a pesar de haber ayudado a ese partido a subir al poder nunca siquiera lo nombraron en un puesto en la administraci\u00f3n p\u00fablica.<\/span><\/p>\n<\/p>\n<p><span class=\"text1noticias\">El dirigente choferil y pol\u00edtico, manifest\u00f3 que prefiere seguir siendo como ha sido toda su vida,\u00bbun campechano que habla el lenguaje de la gente, como se hace en el campo\u00bb, que venderse a cualquier gobierno y que por eso no ha ca\u00eddo bien.<\/span><\/p>\n<\/p>\n<p><span class=\"text1noticias\">El presidente de la Confederaci\u00f3n Nacional del Transporte (CONATRA), dijo que aunque se ha reunido con los diferentes presidentes que ha tenido el pa\u00eds para defender la posici\u00f3n del sector choferil y empresarial que representa, nunca le han perdonado haber crecido en la sociedad dominicana por ser un hombre de origen campesino y de los estratos m\u00e1s pobres del pa\u00eds.<\/span><\/p>\n<\/p>\n<p><span class=\"text1noticias\">Antonio Marte, se quej\u00f3 de no haber ocupado un puesto de importancia en los gobiernos del PRD, a pesar de haber sido su jefe de Transporte a nivel nacional durante varios a\u00f1os y a pesar de haber contribuido decididamente en el triunfo de los diferentes presidentes que tuvo.<\/span><\/p>\n<\/p>\n<p><span class=\"text1noticias\">El presidente del Movimiento Primero la Gente entiende que ese comportamiento de muchos presidentes que ha tenido la Republica de no reconocer el trabajo que realizan los dirigentes pol\u00edticos para llevarlos al poder, es una de las razones por las cuales los pol\u00edticos de los partidos tradicionales se han desacreditado.<\/span><\/p>\n<\/p>\n<p><span class=\"text1noticias\">Antonio Marte, sostuvo que ese descredito en que han ca\u00eddo los dirigentes pol\u00edticos tradicionales ha producido un vac\u00edo en la sociedad dominicana que necesita ser ocupado por nuevos partidos y gente que durante su trayectoria de vida han demostrado que han sido capaces de aportar al pa\u00eds y gobernar con decencia los destinos del pueblo dominicano.(HG)<\/span>.<\/p>\n<h6> 2014-09-06 17:08:00 <\/h6>\n<p><!--\n<link rel=\"stylesheet\" href=\"css\/bootstrap.min.css\">\n\n\n<ul class=\"pagination\">\n\t    \n\t\n\n<li >\n\t<a href='?page_no=14644'>Previous<\/a>\n\t<\/li>\n\n\n       \n    \n\n<li><a href='?page_no=1'>1<\/a><\/li>\n\n\n\n<li><a href='?page_no=2'>2<\/a><\/li>\n\n\n\n<li><a>...<\/a><\/li>\n\n\n\n<li><a href='?page_no=14643'>14643<\/a><\/li>\n\n\n\n<li><a href='?page_no=14644'>14644<\/a><\/li>\n\n\n\n<li class='active'><a>14645<\/a><\/li>\n\n\n\n<li><a href='?page_no=14646'>14646<\/a><\/li>\n\n\n\n<li><a href='?page_no=14647'>14647<\/a><\/li>\n\n\n\n<li><a>...<\/a><\/li>\n\n\n\n<li><a href='?page_no=36999'>36999<\/a><\/li>\n\n\n\n<li><a href='?page_no=37000'>37000<\/a><\/li>\n\n    \n\t\n\n<li >\n\t<a href='?page_no=14646'>Next<\/a>\n\t<\/li>\n\n\n    \n\n<li><a href='?page_no=37000'>Last &rsaquo;&rsaquo;<\/a><\/li>\n\n<\/ul>\n\n\n--><br \/>\n<\/body><\/p>\n","protected":false},"excerpt":{"rendered":"<p>Santo Domingo, RD, 6 de Septiembre.-El presidente del Movimiento Primero la Gente (MPG), Antonio Marte, denunci\u00f3 que en los gobiernos del Partido Revolucionario Dominicano y del Partido de la Liberaci\u00f3n Dominicana, ha sido perseguido por su forma de ser independiente. Entrevistado en el programa Agenda Semanal que produce el periodista Balbueno Medina, todos los s\u00e1bados [&hellip;]<\/p>\n","protected":false},"author":3,"featured_media":0,"comment_status":"open","ping_status":"open","sticky":false,"template":"","format":"standard","meta":{"footnotes":""},"categories":[22],"tags":[],"class_list":["post-162217","post","type-post","status-publish","format-standard","hentry","category-politica"],"_links":{"self":[{"href":"https:\/\/diariodominicano.com\/index.php?rest_route=\/wp\/v2\/posts\/162217","targetHints":{"allow":["GET"]}}],"collection":[{"href":"https:\/\/diariodominicano.com\/index.php?rest_route=\/wp\/v2\/posts"}],"about":[{"href":"https:\/\/diariodominicano.com\/index.php?rest_route=\/wp\/v2\/types\/post"}],"author":[{"embeddable":true,"href":"https:\/\/diariodominicano.com\/index.php?rest_route=\/wp\/v2\/users\/3"}],"replies":[{"embeddable":true,"href":"https:\/\/diariodominicano.com\/index.php?rest_route=%2Fwp%2Fv2%2Fcomments&post=162217"}],"version-history":[{"count":0,"href":"https:\/\/diariodominicano.com\/index.php?rest_route=\/wp\/v2\/posts\/162217\/revisions"}],"wp:attachment":[{"href":"https:\/\/diariodominicano.com\/index.php?rest_route=%2Fwp%2Fv2%2Fmedia&parent=162217"}],"wp:term":[{"taxonomy":"category","embeddable":true,"href":"https:\/\/diariodominicano.com\/index.php?rest_route=%2Fwp%2Fv2%2Fcategories&post=162217"},{"taxonomy":"post_tag","embeddable":true,"href":"https:\/\/diariodominicano.com\/index.php?rest_route=%2Fwp%2Fv2%2Ftags&post=162217"}],"curies":[{"name":"wp","href":"https:\/\/api.w.org\/{rel}","templated":true}]}}