{"id":162215,"date":"2014-09-06T18:09:46","date_gmt":"2014-09-06T18:09:46","guid":{"rendered":"http:\/\/diariodominicano.ddns.net\/?p=162215"},"modified":"2014-09-06T18:09:46","modified_gmt":"2014-09-06T18:09:46","slug":"quique-antun-califica-como-preocupante-alto-indice-de-desempleo-en-la-juventud","status":"publish","type":"post","link":"https:\/\/diariodominicano.com\/?p=162215","title":{"rendered":"Quique Ant\u00fan califica como \u00abpreocupante\u00bb alto \u00edndice de desempleo en la juventud"},"content":{"rendered":"<p><body><\/p>\n<p><img decoding=\"async\" src=\"img3\/reformistas.jpg\" \/>  <\/p>\n<p><span class=\"text1noticias\">San Cristobal, RD, 6 de Septiembre.- El presidente del Partido Reformista Social Cristiano (PRSC), ingeniero Federico Ant\u00fan Batlle (Quique), declar\u00f3 aqu\u00ed que llama a preocupaci\u00f3n la falta de oportunidades que tienen los j\u00f3venes de la Rep\u00fablica Dominicana de obtener un empleo.<\/span><\/p>\n<\/p>\n<p><span class=\"text1noticias\">Explic\u00f3 que la juventud se esfuerza prepar\u00e1ndose acad\u00e9micamente y sale de las aulas universitarias con el sue\u00f1o de tener un empleo digno, y sin embargo, en el mercado laboral se encuentra con una realidad muy dura y dif\u00edcil, que no aparece trabajo. <\/span><\/p>\n<\/p>\n<p><span class=\"text1noticias\">\u00abEsta situaci\u00f3n que viven los j\u00f3venes por el alto \u00edndice de desempleo, se da aqu\u00ed en la provincia de San Cristobal y en todo el territorio nacional, por lo que llama a preocupaci\u00f3n y amerita que el Estado tome medidas dirigidas a resolver este grave problema\u00bb, dijo.<\/span><\/p>\n<\/p>\n<p><span class=\"text1noticias\">Quique Ant\u00fan habl\u00f3 en esos t\u00e9rminos al encabezar un encuentro en esta ciudad, donde jurament\u00f3 a m\u00e1s de 300 j\u00f3venes que se afiliaron al Partido Reformista Social Cristiano, como parte del proceso de apertura y crecimiento que lleva a cabo esa organizaci\u00f3n con miras a las elecciones de 2016.<\/span><\/p>\n<\/p>\n<p><span class=\"text1noticias\">Afirm\u00f3 que el segmento joven de la poblaci\u00f3n est\u00e1 muy preocupado por la falta de oportunidades para ejercer las profesiones y especialidades que han cursado en diferentes universidades del pa\u00eds y del exterior.<\/span><\/p>\n<\/p>\n<p><span class=\"text1noticias\">Dijo que los j\u00f3venes quieren enrolarse en la vida econ\u00f3mica del pa\u00eds, pero no encuentran la oportunidad.<\/span><\/p>\n<\/p>\n<p><span class=\"text1noticias\">Entiende que la soluci\u00f3n a este problema es incremenar las inversiones tanto en el sector p\u00fablico como privado, como se hizo en los gobiernos del PRSC.<\/span><\/p>\n<\/p>\n<p><span class=\"text1noticias\">Manifest\u00f3 que al visitar esta provincia le daba nostalgia porque ha sido abandonada despu\u00e9s de los gobiernos del Partido Reformista, el cual dijo hizo grandes inversiones que ayudaron a su desarrollo y generar miles de empleos.<\/span><\/p>\n<\/p>\n<p><span class=\"text1noticias\">\u00abEra una provincia productora de empleos de calidad, porque se estimul\u00f3 la inversi\u00f3n tanto en el sector p\u00fablico como privado\u00bb, agreg\u00f3 el presidente del PRSC.<\/span><\/p>\n<\/p>\n<p><span class=\"text1noticias\">El acto de jurmentaci\u00f3n, celebrado en el Hotel San Cristobal, tambi\u00e9n asistieron los dirigentes reformistas V\u00edctor ?Ito- Bison\u00f3, Jos\u00e9 Rom\u00e1n Garc\u00eda, Benny Metz, C\u00e9sar Dominguez, Elvis Rosario, entre otros.<\/span><\/p>\n<\/p>\n<p><span class=\"text1noticias\">Tambi\u00e9n los dirigentes de la Juventud Reformista Social Cristiano Jorge Dargam, Ra\u00fal Negr\u00f3n (Chucho), Peter Amable Ram\u00edrez Aristy, Eddy Antonio, Carlos Modesto Guzm\u00e1n, Fernando Padovani, Henry V\u00e1squez, y otros.(HG)<\/span>.<\/p>\n<h6> 2014-09-06 18:09:46 <\/h6>\n<p><!--\n<link rel=\"stylesheet\" href=\"css\/bootstrap.min.css\">\n\n\n<ul class=\"pagination\">\n\t    \n\t\n\n<li >\n\t<a href='?page_no=14642'>Previous<\/a>\n\t<\/li>\n\n\n       \n    \n\n<li><a href='?page_no=1'>1<\/a><\/li>\n\n\n\n<li><a href='?page_no=2'>2<\/a><\/li>\n\n\n\n<li><a>...<\/a><\/li>\n\n\n\n<li><a href='?page_no=14641'>14641<\/a><\/li>\n\n\n\n<li><a href='?page_no=14642'>14642<\/a><\/li>\n\n\n\n<li class='active'><a>14643<\/a><\/li>\n\n\n\n<li><a href='?page_no=14644'>14644<\/a><\/li>\n\n\n\n<li><a href='?page_no=14645'>14645<\/a><\/li>\n\n\n\n<li><a>...<\/a><\/li>\n\n\n\n<li><a href='?page_no=36999'>36999<\/a><\/li>\n\n\n\n<li><a href='?page_no=37000'>37000<\/a><\/li>\n\n    \n\t\n\n<li >\n\t<a href='?page_no=14644'>Next<\/a>\n\t<\/li>\n\n\n    \n\n<li><a href='?page_no=37000'>Last &rsaquo;&rsaquo;<\/a><\/li>\n\n<\/ul>\n\n\n--><br \/>\n<\/body><\/p>\n","protected":false},"excerpt":{"rendered":"<p>San Cristobal, RD, 6 de Septiembre.- El presidente del Partido Reformista Social Cristiano (PRSC), ingeniero Federico Ant\u00fan Batlle (Quique), declar\u00f3 aqu\u00ed que llama a preocupaci\u00f3n la falta de oportunidades que tienen los j\u00f3venes de la Rep\u00fablica Dominicana de obtener un empleo. Explic\u00f3 que la juventud se esfuerza prepar\u00e1ndose acad\u00e9micamente y sale de las aulas universitarias [&hellip;]<\/p>\n","protected":false},"author":3,"featured_media":0,"comment_status":"open","ping_status":"open","sticky":false,"template":"","format":"standard","meta":{"footnotes":""},"categories":[22],"tags":[],"class_list":["post-162215","post","type-post","status-publish","format-standard","hentry","category-politica"],"_links":{"self":[{"href":"https:\/\/diariodominicano.com\/index.php?rest_route=\/wp\/v2\/posts\/162215","targetHints":{"allow":["GET"]}}],"collection":[{"href":"https:\/\/diariodominicano.com\/index.php?rest_route=\/wp\/v2\/posts"}],"about":[{"href":"https:\/\/diariodominicano.com\/index.php?rest_route=\/wp\/v2\/types\/post"}],"author":[{"embeddable":true,"href":"https:\/\/diariodominicano.com\/index.php?rest_route=\/wp\/v2\/users\/3"}],"replies":[{"embeddable":true,"href":"https:\/\/diariodominicano.com\/index.php?rest_route=%2Fwp%2Fv2%2Fcomments&post=162215"}],"version-history":[{"count":0,"href":"https:\/\/diariodominicano.com\/index.php?rest_route=\/wp\/v2\/posts\/162215\/revisions"}],"wp:attachment":[{"href":"https:\/\/diariodominicano.com\/index.php?rest_route=%2Fwp%2Fv2%2Fmedia&parent=162215"}],"wp:term":[{"taxonomy":"category","embeddable":true,"href":"https:\/\/diariodominicano.com\/index.php?rest_route=%2Fwp%2Fv2%2Fcategories&post=162215"},{"taxonomy":"post_tag","embeddable":true,"href":"https:\/\/diariodominicano.com\/index.php?rest_route=%2Fwp%2Fv2%2Ftags&post=162215"}],"curies":[{"name":"wp","href":"https:\/\/api.w.org\/{rel}","templated":true}]}}