{"id":162214,"date":"2014-09-06T19:13:35","date_gmt":"2014-09-06T19:13:35","guid":{"rendered":"http:\/\/diariodominicano.ddns.net\/?p=162214"},"modified":"2014-09-06T19:13:35","modified_gmt":"2014-09-06T19:13:35","slug":"partido-revolucionario-mayoritario-firma-acuerdo-con-el-partido-evo-morales-de-bolivia","status":"publish","type":"post","link":"https:\/\/diariodominicano.com\/?p=162214","title":{"rendered":"Partido Revolucionario Mayoritario firma acuerdo con el partido Evo Morales de Bolivia&#13;"},"content":{"rendered":"<p><body><\/p>\n<p>Santo Domingo RD 6 septiembre.- El Partido Revolucionario Mayoritario de la Rep\u00fablica Dominicana (PRM) y el partido de gobierno boliviano, el Movimiento al Socialismo Instrumento Pol\u00edtico por la Soberan\u00eda de los Pueblos (MAS IPSP), suscribieron un acuerdo de cooperaci\u00f3n pol\u00edtico partidario el pasado jueves 28 de agosto.<\/p>\n<\/p>\n<p>El pacto fue suscrito por el embajador Rafael (Cucuyo) B\u00e1ez P\u00e9rez, Secretario de Asuntos Internacionales del PRM, y Le\u00f3nidas Zurita, Secretaria de Relaciones Internacionales del Partido de Gobierno de Bolivia, en el marco de la celebraci\u00f3n del XX Encuentro del Foro de Sao Paulo, el 28 de agosto de 2014, en la Paz Bolivia.<\/p>\n<\/p>\n<p>El convenio resalta en su art\u00edculo primero, \u00abel car\u00e1cter socialista progresista de ambos partidos, por el compromiso com\u00fan de la democracia de los pueblos, el desarrollo, la igualdad, la soberan\u00eda nacional con integraci\u00f3n continental, la lucha de los pueblos ind\u00edgenas originarios, el vivir bien, la preservaci\u00f3n de la madre tierra, tomando en cuenta las relaciones afines entre nuestros pueblos, nuestros partidos, en particular los del Foro de Sao Paulo, teniendo desaf\u00edos reivindicatorios, con una consigna militante y permanente de, MAR PARA BOLIVIA, en un com\u00fan compromiso natural de desarrollar estas regiones\u00bb.<\/p>\n<\/p>\n<p>Adem\u00e1s, realizar intercambio permanente de informaciones, v\u00eda internet o skype inclusive, realizando un seminario anual de analizar los temas de inter\u00e9s mutuo, bipartidarios y binacional, comunicando v\u00eda impresi\u00f3n escrita, audiovisual, p\u00e1ginas sociales, los resultados de los seminarios.<\/p>\n<\/p>\n<p>Tambi\u00e9n realizar un intercambio de visitas delegaciones de nuestros partidos hacia diferentes lugares de actividad pol\u00edtico militante a realizarse, as\u00ed como propiciar un relacionamiento interno y permanente entre los dos partidos o instrumentos pol\u00edticos, en particular j\u00f3venes, mujeres, liderazgos, movimientos sociales, pueblos ind\u00edgenas originarios, sociedad organizada.<\/p>\n<\/p>\n<p>El convenio de colaboraci\u00f3n pol\u00edtica entre ambas organizaciones contempla, adem\u00e1s, intercambiar experiencias, capacitaci\u00f3n de las bases conjuntas \u00e1reas como: actuaci\u00f3n gubernamental, Accionar de las bancadas parlamentarias y comunicaci\u00f3n partidaria.  En otro de sus articulados contempla, respetando las legislaciones particulares de ambos pueblos, apoyar los procesos electorales.<\/p>\n<\/p>\n<p>Dichos acuerdo ser\u00e1n revisados, en periodos trianual, luego de ser aprobados por las respectivas direcciones de dichas organizaciones, al tenor de una visi\u00f3n de unificadora revolucionaria en miras al sue\u00f1o de la patria grande y la consolidaci\u00f3n de los procesos de cambios latinoamericanos, caribe\u00f1os y globales, el sue\u00f1o de armon\u00eda y paz de los socialistas.<\/p>\n<\/p>\n<p>El PRM particip\u00f3 como invitado al Foro de Sao Paulo en su Congreso celebrado el pasado 28 de agosto en la Ciudad de la Paz, Bolivia.<\/p>\n<h6> 2014-09-06 19:13:35 <\/h6>\n<p><!--\n<link rel=\"stylesheet\" href=\"css\/bootstrap.min.css\">\n\n\n<ul class=\"pagination\">\n\t    \n\t\n\n<li >\n\t<a href='?page_no=14641'>Previous<\/a>\n\t<\/li>\n\n\n       \n    \n\n<li><a href='?page_no=1'>1<\/a><\/li>\n\n\n\n<li><a href='?page_no=2'>2<\/a><\/li>\n\n\n\n<li><a>...<\/a><\/li>\n\n\n\n<li><a href='?page_no=14640'>14640<\/a><\/li>\n\n\n\n<li><a href='?page_no=14641'>14641<\/a><\/li>\n\n\n\n<li class='active'><a>14642<\/a><\/li>\n\n\n\n<li><a href='?page_no=14643'>14643<\/a><\/li>\n\n\n\n<li><a href='?page_no=14644'>14644<\/a><\/li>\n\n\n\n<li><a>...<\/a><\/li>\n\n\n\n<li><a href='?page_no=36999'>36999<\/a><\/li>\n\n\n\n<li><a href='?page_no=37000'>37000<\/a><\/li>\n\n    \n\t\n\n<li >\n\t<a href='?page_no=14643'>Next<\/a>\n\t<\/li>\n\n\n    \n\n<li><a href='?page_no=37000'>Last &rsaquo;&rsaquo;<\/a><\/li>\n\n<\/ul>\n\n\n--><br \/>\n<\/body><\/p>\n","protected":false},"excerpt":{"rendered":"<p>Santo Domingo RD 6 septiembre.- El Partido Revolucionario Mayoritario de la Rep\u00fablica Dominicana (PRM) y el partido de gobierno boliviano, el Movimiento al Socialismo Instrumento Pol\u00edtico por la Soberan\u00eda de los Pueblos (MAS IPSP), suscribieron un acuerdo de cooperaci\u00f3n pol\u00edtico partidario el pasado jueves 28 de agosto. El pacto fue suscrito por el embajador Rafael [&hellip;]<\/p>\n","protected":false},"author":3,"featured_media":0,"comment_status":"open","ping_status":"open","sticky":false,"template":"","format":"standard","meta":{"footnotes":""},"categories":[22],"tags":[],"class_list":["post-162214","post","type-post","status-publish","format-standard","hentry","category-politica"],"_links":{"self":[{"href":"https:\/\/diariodominicano.com\/index.php?rest_route=\/wp\/v2\/posts\/162214","targetHints":{"allow":["GET"]}}],"collection":[{"href":"https:\/\/diariodominicano.com\/index.php?rest_route=\/wp\/v2\/posts"}],"about":[{"href":"https:\/\/diariodominicano.com\/index.php?rest_route=\/wp\/v2\/types\/post"}],"author":[{"embeddable":true,"href":"https:\/\/diariodominicano.com\/index.php?rest_route=\/wp\/v2\/users\/3"}],"replies":[{"embeddable":true,"href":"https:\/\/diariodominicano.com\/index.php?rest_route=%2Fwp%2Fv2%2Fcomments&post=162214"}],"version-history":[{"count":0,"href":"https:\/\/diariodominicano.com\/index.php?rest_route=\/wp\/v2\/posts\/162214\/revisions"}],"wp:attachment":[{"href":"https:\/\/diariodominicano.com\/index.php?rest_route=%2Fwp%2Fv2%2Fmedia&parent=162214"}],"wp:term":[{"taxonomy":"category","embeddable":true,"href":"https:\/\/diariodominicano.com\/index.php?rest_route=%2Fwp%2Fv2%2Fcategories&post=162214"},{"taxonomy":"post_tag","embeddable":true,"href":"https:\/\/diariodominicano.com\/index.php?rest_route=%2Fwp%2Fv2%2Ftags&post=162214"}],"curies":[{"name":"wp","href":"https:\/\/api.w.org\/{rel}","templated":true}]}}