{"id":162213,"date":"2014-09-06T19:22:43","date_gmt":"2014-09-06T19:22:43","guid":{"rendered":"http:\/\/diariodominicano.ddns.net\/?p=162213"},"modified":"2014-09-06T19:22:43","modified_gmt":"2014-09-06T19:22:43","slug":"radhames-segura-aboga-por-fortalecimiento-de-la-pymes","status":"publish","type":"post","link":"https:\/\/diariodominicano.com\/?p=162213","title":{"rendered":"Radham\u00e9s Segura aboga por fortalecimiento de la PYMES"},"content":{"rendered":"<p><body><\/p>\n<p><img decoding=\"async\" src=\"img3\/segura 6.jpg\" \/>  <\/p>\n<p>Santo Domingo RD 6 septiembre.- El ingeniero Radham\u00e9s Segura, aspirante presidencial por el Partido de la Liberaci\u00f3n Dominicana, abog\u00f3 por una pol\u00edtica dirigida a fortalecer la peque\u00f1a y mediana empresa como forma de aumentar la cantidad de empleos en los j\u00f3venes dominicanos que est\u00e1n en la edad productiva.<\/p>\n<\/p>\n<p> Destac\u00f3 que la mayor\u00eda de los pa\u00edses desarrollados como Italia, Corea, Taiw\u00e1n y otros, apostaron a la fomentaci\u00f3n y desarrollo de la PYMES para lograr los avances que han obtenido en los actuales momentos.<\/p>\n<\/p>\n<p> Durante un recorrido por La Vega, Segura expres\u00f3 que el pa\u00eds aun est\u00e1 a tiempo de aplicar una pol\u00edtica m\u00e1s decidida a fortalecer ese sector que al fin de todo es el que mas empleo genera en una naci\u00f3n determinada.<\/p>\n<\/p>\n<p> Dijo que no se le puede pedir mucho a la juventud que desamparado econ\u00f3micamente por los ingresos de sus padres no logran tener un empleo digno que le permita cubrir sus necesidades b\u00e1sicas, los que los convierte en potenciales delincuentes.<\/p>\n<\/p>\n<p> \u00abHay que tratar con manos duras a los j\u00f3venes delincuentes pero tambi\u00e9n hay que pensar en como resolver los problemas de desempleo y la falta de oportunidades que padecen en la actualidad\u00bb precis\u00f3 el aspirante presidencial peledeista.<\/p>\n<\/p>\n<p> En otro orden Radham\u00e9s Segura afirm\u00f3 que se hace necesario acciones eficientes en el  eficiente en el sector agropecuario iniciando por la titilaci\u00f3n los terrenos de los parceleros para que estos tengan acceso a un cr\u00e9dito bancario preferencial, con garant\u00eda del gobierno Dominicano.<\/p>\n<\/p>\n<p> Sostuvo que la primera traba que tiene el sector agropecuario es la falta de t\u00edtulos de sus propiedades la cual le impide el cr\u00e9dito y le niega una serie de facilidades para que el mismo se desarrolle en los niveles que lo requiere el pa\u00eds. Indic\u00f3 que la exportaci\u00f3n de bienes y servicios ser\u00e1 una de las tareas inmediatas de su gobierno y que los niveles salariales de los trabajadores deben ser colocados a nivel del crecimiento econ\u00f3mico que experimenta el pa\u00eds, para que se sienta una activaci\u00f3n de la econom\u00eda.<\/p>\n<\/p>\n<p> Asimismo abogo por aumento general de salarios para el sector p\u00fablico y para el sector privado con la finalidad de producir un mayor dinamismo en la econom\u00eda nacional.<\/p>\n<\/p>\n<p> Destac\u00f3 que los niveles de la canasta familiar certificada por el informe del Banco Central hace necesario un aumento salarial que aliviane la carga de los trabajadores p\u00fablico y privado.<\/p>\n<\/p>\n<p> Expres\u00f3 que el dinamismo econ\u00f3mico se manifiesta cuando el dinero llega a manos de la mayor\u00eda de la gente y esta va a las plazas comerciales a gastar en diferentes mercanc\u00edas.<\/p>\n<\/p>\n<p> Reiter\u00f3 que desde el gobierno trabajar\u00e1 por un gran pacto social con los empresarios y trabajadores tendentes a aumentar la capacidad de compras del pueblo dominicano mediante una mejor distribuci\u00f3n de la riqueza que produce el pa\u00eds.<\/p>\n<\/p>\n<h6> 2014-09-06 19:22:43 <\/h6>\n<p><!--\n<link rel=\"stylesheet\" href=\"css\/bootstrap.min.css\">\n\n\n<ul class=\"pagination\">\n\t    \n\t\n\n<li >\n\t<a href='?page_no=14640'>Previous<\/a>\n\t<\/li>\n\n\n       \n    \n\n<li><a href='?page_no=1'>1<\/a><\/li>\n\n\n\n<li><a href='?page_no=2'>2<\/a><\/li>\n\n\n\n<li><a>...<\/a><\/li>\n\n\n\n<li><a href='?page_no=14639'>14639<\/a><\/li>\n\n\n\n<li><a href='?page_no=14640'>14640<\/a><\/li>\n\n\n\n<li class='active'><a>14641<\/a><\/li>\n\n\n\n<li><a href='?page_no=14642'>14642<\/a><\/li>\n\n\n\n<li><a href='?page_no=14643'>14643<\/a><\/li>\n\n\n\n<li><a>...<\/a><\/li>\n\n\n\n<li><a href='?page_no=36999'>36999<\/a><\/li>\n\n\n\n<li><a href='?page_no=37000'>37000<\/a><\/li>\n\n    \n\t\n\n<li >\n\t<a href='?page_no=14642'>Next<\/a>\n\t<\/li>\n\n\n    \n\n<li><a href='?page_no=37000'>Last &rsaquo;&rsaquo;<\/a><\/li>\n\n<\/ul>\n\n\n--><br \/>\n<\/body><\/p>\n","protected":false},"excerpt":{"rendered":"<p>Santo Domingo RD 6 septiembre.- El ingeniero Radham\u00e9s Segura, aspirante presidencial por el Partido de la Liberaci\u00f3n Dominicana, abog\u00f3 por una pol\u00edtica dirigida a fortalecer la peque\u00f1a y mediana empresa como forma de aumentar la cantidad de empleos en los j\u00f3venes dominicanos que est\u00e1n en la edad productiva. Destac\u00f3 que la mayor\u00eda de los pa\u00edses [&hellip;]<\/p>\n","protected":false},"author":3,"featured_media":0,"comment_status":"open","ping_status":"open","sticky":false,"template":"","format":"standard","meta":{"footnotes":""},"categories":[22],"tags":[],"class_list":["post-162213","post","type-post","status-publish","format-standard","hentry","category-politica"],"_links":{"self":[{"href":"https:\/\/diariodominicano.com\/index.php?rest_route=\/wp\/v2\/posts\/162213","targetHints":{"allow":["GET"]}}],"collection":[{"href":"https:\/\/diariodominicano.com\/index.php?rest_route=\/wp\/v2\/posts"}],"about":[{"href":"https:\/\/diariodominicano.com\/index.php?rest_route=\/wp\/v2\/types\/post"}],"author":[{"embeddable":true,"href":"https:\/\/diariodominicano.com\/index.php?rest_route=\/wp\/v2\/users\/3"}],"replies":[{"embeddable":true,"href":"https:\/\/diariodominicano.com\/index.php?rest_route=%2Fwp%2Fv2%2Fcomments&post=162213"}],"version-history":[{"count":0,"href":"https:\/\/diariodominicano.com\/index.php?rest_route=\/wp\/v2\/posts\/162213\/revisions"}],"wp:attachment":[{"href":"https:\/\/diariodominicano.com\/index.php?rest_route=%2Fwp%2Fv2%2Fmedia&parent=162213"}],"wp:term":[{"taxonomy":"category","embeddable":true,"href":"https:\/\/diariodominicano.com\/index.php?rest_route=%2Fwp%2Fv2%2Fcategories&post=162213"},{"taxonomy":"post_tag","embeddable":true,"href":"https:\/\/diariodominicano.com\/index.php?rest_route=%2Fwp%2Fv2%2Ftags&post=162213"}],"curies":[{"name":"wp","href":"https:\/\/api.w.org\/{rel}","templated":true}]}}