{"id":162212,"date":"2014-09-07T01:13:58","date_gmt":"2014-09-07T01:13:58","guid":{"rendered":"http:\/\/diariodominicano.ddns.net\/?p=162212"},"modified":"2014-09-07T01:13:58","modified_gmt":"2014-09-07T01:13:58","slug":"francisco-javier-moviliza-a-miles-de-sus-seguidores-en-villa-altagracia-2","status":"publish","type":"post","link":"https:\/\/diariodominicano.com\/?p=162212","title":{"rendered":"Francisco Javier moviliza a miles de sus seguidores en Villa Altagracia"},"content":{"rendered":"<p><body><\/p>\n<p><img decoding=\"async\" src=\"http:\/\/localhost:8080\/img3\/javier.JPG\" \/>  <\/p>\n<p><span class=\"text1noticias\">Villa Altagracia, R. D., 6 septiembre.- El precandidato presidencial del Partido de la Liberaci\u00f3n Dominicana, (PLD), Francisco Javier encabez\u00f3 un recorrido por las calles, avenidas y barrios del municipio Villa Altagracia, en la provincia San Crist\u00f3bal, acompa\u00f1ado de miles de sus seguidores, militantes y simpatizantes del PLD, en la continuaci\u00f3n de sus actividades para conseguir la nominaci\u00f3n a la presidencia por el partido morado.<\/span><\/p>\n<p><span class=\"text1noticias\"> <\/span><\/p>\n<p><span class=\"text1noticias\">Francisco Javier, inaugur\u00f3 la oficina de su proyecto pol\u00edtico en el municipio de Villa Altagracia, provincia San Crist\u00f3bal, acompa\u00f1ado de cientos de sus seguidores.<\/span><\/p>\n<p><span class=\"text1noticias\"> <\/span><\/p>\n<p><span class=\"text1noticias\">Previo a la inauguraci\u00f3n de la oficina pol\u00edtica, Francisco Javier, realiz\u00f3 un recorrido por diferentes barrios y calles de Villa Altagracia, recibiendo el apoyo de dirigentes y militantes del PLD, de ese municipio.<\/span><\/p>\n<p><span class=\"text1noticias\"> <\/span><\/p>\n<p><span class=\"text1noticias\">Las calles de Villa Altagracia se convirtieron en un mar humano de los seguidores del precandidato peledeista con la consigna \u00abFrancisco Javier un triunfador 2016\u00bb.<\/span><\/p>\n<p><span class=\"text1noticias\"> <\/span><\/p>\n<p><span class=\"text1noticias\">El estratega pol\u00edtico realiz\u00f3 varios encuentros con miembros de la base y dirigentes del PLD quienes le manifestaron su total respaldo para que \u00e9l sea el candidato presidencial con miras a los comicios nacionales del 2016.<\/span><\/p>\n<p><span class=\"text1noticias\"> <\/span><\/p>\n<p><span class=\"text1noticias\">Durante los encuentros Francisco Javier, dijo que llevar\u00e1 el progreso al interior de los barrios, y continuar\u00e1 las obras que el presidente Danilo Medina no tenga tiempo para terminar.<\/span><\/p>\n<p><span class=\"text1noticias\"> <\/span><\/p>\n<p><span class=\"text1noticias\">Manifest\u00f3 que las gentes de Villa Altagracia y el resto del pa\u00eds se merecen mejores condiciones de vida, situaci\u00f3n que se mejora con los buenos servicios de salud, educaci\u00f3n, y deportes.<\/span><\/p>\n<p><span class=\"text1noticias\"> <\/span><\/p>\n<p><span class=\"text1noticias\">Francisco Javier, recibi\u00f3 la bienvenida de  los dirigentes de su proyecto en Villa Altagracia, Kaki Vargas, y Juan de los Santos (Ni\u00f1o Mogote), junto a decenas de sus seguidores.<\/span><\/p>\n<p><span class=\"text1noticias\"> <\/span><\/p>\n<p><span class=\"text1noticias\">Adem\u00e1s, el precandidato presidencial peledeista, hizo una parada en el parque municipal de Villa Altagracia, donde se congregaron miles de simpatizantes que le manifestaron el respaldo a sus aspiraciones pol\u00edticas presidenciales.<\/span><\/p>\n<p><span class=\"text1noticias\"> <\/span><\/p>\n<p><span class=\"text1noticias\">Los barrios visitados por Francisco Javier, fueron El Puerto, Pajarito, Puerto Rico, Mogote, y recorri\u00f3 la calle Duarte, de Villa Altagracia, seguido por una gran multitud de <\/span>personas.<\/p>\n<h6> 2014-09-07 01:13:58 <\/h6>\n<p><!--\n<link rel=\"stylesheet\" href=\"css\/bootstrap.min.css\">\n\n\n<ul class=\"pagination\">\n\t    \n\t\n\n<li >\n\t<a href='?page_no=14639'>Previous<\/a>\n\t<\/li>\n\n\n       \n    \n\n<li><a href='?page_no=1'>1<\/a><\/li>\n\n\n\n<li><a href='?page_no=2'>2<\/a><\/li>\n\n\n\n<li><a>...<\/a><\/li>\n\n\n\n<li><a href='?page_no=14638'>14638<\/a><\/li>\n\n\n\n<li><a href='?page_no=14639'>14639<\/a><\/li>\n\n\n\n<li class='active'><a>14640<\/a><\/li>\n\n\n\n<li><a href='?page_no=14641'>14641<\/a><\/li>\n\n\n\n<li><a href='?page_no=14642'>14642<\/a><\/li>\n\n\n\n<li><a>...<\/a><\/li>\n\n\n\n<li><a href='?page_no=36999'>36999<\/a><\/li>\n\n\n\n<li><a href='?page_no=37000'>37000<\/a><\/li>\n\n    \n\t\n\n<li >\n\t<a href='?page_no=14641'>Next<\/a>\n\t<\/li>\n\n\n    \n\n<li><a href='?page_no=37000'>Last &rsaquo;&rsaquo;<\/a><\/li>\n\n<\/ul>\n\n\n--><br \/>\n<\/body><\/p>\n","protected":false},"excerpt":{"rendered":"<p>Villa Altagracia, R. D., 6 septiembre.- El precandidato presidencial del Partido de la Liberaci\u00f3n Dominicana, (PLD), Francisco Javier encabez\u00f3 un recorrido por las calles, avenidas y barrios del municipio Villa Altagracia, en la provincia San Crist\u00f3bal, acompa\u00f1ado de miles de sus seguidores, militantes y simpatizantes del PLD, en la continuaci\u00f3n de sus actividades para conseguir [&hellip;]<\/p>\n","protected":false},"author":3,"featured_media":0,"comment_status":"open","ping_status":"open","sticky":false,"template":"","format":"standard","meta":{"footnotes":""},"categories":[22],"tags":[],"class_list":["post-162212","post","type-post","status-publish","format-standard","hentry","category-politica"],"_links":{"self":[{"href":"https:\/\/diariodominicano.com\/index.php?rest_route=\/wp\/v2\/posts\/162212","targetHints":{"allow":["GET"]}}],"collection":[{"href":"https:\/\/diariodominicano.com\/index.php?rest_route=\/wp\/v2\/posts"}],"about":[{"href":"https:\/\/diariodominicano.com\/index.php?rest_route=\/wp\/v2\/types\/post"}],"author":[{"embeddable":true,"href":"https:\/\/diariodominicano.com\/index.php?rest_route=\/wp\/v2\/users\/3"}],"replies":[{"embeddable":true,"href":"https:\/\/diariodominicano.com\/index.php?rest_route=%2Fwp%2Fv2%2Fcomments&post=162212"}],"version-history":[{"count":0,"href":"https:\/\/diariodominicano.com\/index.php?rest_route=\/wp\/v2\/posts\/162212\/revisions"}],"wp:attachment":[{"href":"https:\/\/diariodominicano.com\/index.php?rest_route=%2Fwp%2Fv2%2Fmedia&parent=162212"}],"wp:term":[{"taxonomy":"category","embeddable":true,"href":"https:\/\/diariodominicano.com\/index.php?rest_route=%2Fwp%2Fv2%2Fcategories&post=162212"},{"taxonomy":"post_tag","embeddable":true,"href":"https:\/\/diariodominicano.com\/index.php?rest_route=%2Fwp%2Fv2%2Ftags&post=162212"}],"curies":[{"name":"wp","href":"https:\/\/api.w.org\/{rel}","templated":true}]}}