{"id":162208,"date":"2014-09-07T15:26:14","date_gmt":"2014-09-07T15:26:14","guid":{"rendered":"http:\/\/diariodominicano.ddns.net\/?p=162208"},"modified":"2014-09-07T15:26:14","modified_gmt":"2014-09-07T15:26:14","slug":"en-el-prm-no-habra-problemas-con-la-escogencia-de-su-candidato-presidencial","status":"publish","type":"post","link":"https:\/\/diariodominicano.com\/?p=162208","title":{"rendered":"En el PRM no habr\u00e1 problemas con la escogencia de su candidato presidencial"},"content":{"rendered":"<p><body><\/p>\n<p><img decoding=\"async\" src=\"http:\/\/localhost:8080\/img3\/Hector.jpg\" \/>  <\/p>\n<p><span class=\"text1noticias\">Santo Domingo, RD, 7 de Septiembre.-El dirigente del PRD mayoritario, H\u00e9ctor Guzm\u00e1n reconoce que est\u00e1n compelidos a actuar de manera diferente a como suced\u00eda en su antigua casa pol\u00edtica, el PRD de Miguel Vargas, porque de lo contrario no van para ning\u00fan lado en 2016.<\/span><\/p>\n<\/p>\n<p><span class=\"text1noticias\">El vocero de Hip\u00f3lito Mej\u00eda asegur\u00f3 que el principal reto de esa organizaci\u00f3n pol\u00edtica es comportarse como adultos y desterrar el show del mal gusto con los enfrentamientos que desde el PRD le han brindado a la poblaci\u00f3n.<\/span><\/p>\n<\/p>\n<p><span class=\"text1noticias\">\u00abNosotros estamos muy convencidos de la responsabilidad que tenemos, la responsabilidad de nosotros es mantenernos unidos para entonces con el ejemplo de la unidad de nosotros poder unificar a toda la oposici\u00f3n en torno a una convergencia para con esa convergencia enfrentar al PLD y su continuidad\u00bb.<\/span><\/p>\n<\/p>\n<p><span class=\"text1noticias\">Entrevistado por la periodista Mari Carmen Rojas en el programa Foro Semanal que se transmite los s\u00e1bados por Tele radio Am\u00e9rica, canal 45, H\u00e9ctor Guzm\u00e1n sostuvo que la poblaci\u00f3n tiene motivos suficientes para desconfiar de ellos en el sentido de que la unidad que promueven, pero aclaro que est\u00e1n conscientes de esa situaci\u00f3n y de su rol de cara a las elecciones presidenciales pr\u00f3ximas.<\/span><\/p>\n<\/p>\n<p><span class=\"text1noticias\">Aseguro que trabajan para escoger a su candidato y postularlo sin traumas \u00abnosotros no podemos pelearnos, el pueblo tiene la esperanza en nosotros de que podamos producir el cambio que la sociedad quiere, pero la \u00fanica condici\u00f3n es que nos mantengamos con unidad y demos ejemplo si no lo hacemos no vamos para ning\u00fan lado, eso es as\u00ed y lo entendemos, y estamos trabajando para eso\u00bb.<\/span><\/p>\n<\/p>\n<p><span class=\"text1noticias\">El dirigente pol\u00edtico afirm\u00f3 que en estos momentos el ex mandatario Hip\u00f3lito Mej\u00eda re\u00fane las condiciones necesarias para enfrentar una candidatura presidencial, pero que si en 2016 el triunfo electoral lo garantizar\u00eda Luis Abinader trabajaran en pos de ese objetivo, aunque preciso que el liderazgo, una candidatura presidencial fuerte y competitiva no se construye de la noche a la ma\u00f1ana.<\/span><\/p>\n<\/p>\n<p><span class=\"text1noticias\">H\u00e9ctor Guzm\u00e1n reconoci\u00f3 adem\u00e1s que no ser\u00eda tarea f\u00e1cil para ellos ganarle a un candidato como el presidente Danilo Medina en caso de una reelecci\u00f3n, sobre todo si el mandatario mantiene los niveles de popularidad que tiene en estos momentos.<\/span><\/p>\n<\/p>\n<p><strong><span class=\"text1noticias\">Ley de partidos y agrupaci\u00f3n pol\u00edtica<\/span><\/strong><\/p>\n<\/p>\n<p><span class=\"text1noticias\">Reiter\u00f3 que es culpa del PLD porque ellos tienen mayor\u00eda en el Congreso la no aprobaci\u00f3n de la tan anhelada ley de partidos pol\u00edticos que tiene m\u00e1s de diez a\u00f1os en las c\u00e1maras legislativas, y argumento Guzm\u00e1n que el planteamiento de la realizaci\u00f3n de primarias simult\u00e1neas es lo que ha impedido la aprobaci\u00f3n de dicho proyecto, las campa\u00f1as a destiempo es otra cosa que regulara la referida pieza legislativa.<\/span><\/p>\n<\/p>\n<p><span class=\"text1noticias\">Tambi\u00e9n los perremeistas cuando militaban en el PRD propusieron la realizaci\u00f3n de una auditor\u00eda cada a\u00f1o a los partidos para demostrar en qu\u00e9 y c\u00f3mo gastan el dinero del erario que se les entrega todos los a\u00f1os a los pol\u00edticos.(HG)<\/span>.  <\/p>\n<\/p>\n<h6> 2014-09-07 15:26:14 <\/h6>\n<p><!--\n<link rel=\"stylesheet\" href=\"css\/bootstrap.min.css\">\n\n\n<ul class=\"pagination\">\n\t    \n\t\n\n<li >\n\t<a href='?page_no=14636'>Previous<\/a>\n\t<\/li>\n\n\n       \n    \n\n<li><a href='?page_no=1'>1<\/a><\/li>\n\n\n\n<li><a href='?page_no=2'>2<\/a><\/li>\n\n\n\n<li><a>...<\/a><\/li>\n\n\n\n<li><a href='?page_no=14635'>14635<\/a><\/li>\n\n\n\n<li><a href='?page_no=14636'>14636<\/a><\/li>\n\n\n\n<li class='active'><a>14637<\/a><\/li>\n\n\n\n<li><a href='?page_no=14638'>14638<\/a><\/li>\n\n\n\n<li><a href='?page_no=14639'>14639<\/a><\/li>\n\n\n\n<li><a>...<\/a><\/li>\n\n\n\n<li><a href='?page_no=36999'>36999<\/a><\/li>\n\n\n\n<li><a href='?page_no=37000'>37000<\/a><\/li>\n\n    \n\t\n\n<li >\n\t<a href='?page_no=14638'>Next<\/a>\n\t<\/li>\n\n\n    \n\n<li><a href='?page_no=37000'>Last &rsaquo;&rsaquo;<\/a><\/li>\n\n<\/ul>\n\n\n--><br \/>\n<\/body><\/p>\n","protected":false},"excerpt":{"rendered":"<p>Santo Domingo, RD, 7 de Septiembre.-El dirigente del PRD mayoritario, H\u00e9ctor Guzm\u00e1n reconoce que est\u00e1n compelidos a actuar de manera diferente a como suced\u00eda en su antigua casa pol\u00edtica, el PRD de Miguel Vargas, porque de lo contrario no van para ning\u00fan lado en 2016. El vocero de Hip\u00f3lito Mej\u00eda asegur\u00f3 que el principal reto [&hellip;]<\/p>\n","protected":false},"author":3,"featured_media":0,"comment_status":"open","ping_status":"open","sticky":false,"template":"","format":"standard","meta":{"footnotes":""},"categories":[22],"tags":[],"class_list":["post-162208","post","type-post","status-publish","format-standard","hentry","category-politica"],"_links":{"self":[{"href":"https:\/\/diariodominicano.com\/index.php?rest_route=\/wp\/v2\/posts\/162208","targetHints":{"allow":["GET"]}}],"collection":[{"href":"https:\/\/diariodominicano.com\/index.php?rest_route=\/wp\/v2\/posts"}],"about":[{"href":"https:\/\/diariodominicano.com\/index.php?rest_route=\/wp\/v2\/types\/post"}],"author":[{"embeddable":true,"href":"https:\/\/diariodominicano.com\/index.php?rest_route=\/wp\/v2\/users\/3"}],"replies":[{"embeddable":true,"href":"https:\/\/diariodominicano.com\/index.php?rest_route=%2Fwp%2Fv2%2Fcomments&post=162208"}],"version-history":[{"count":0,"href":"https:\/\/diariodominicano.com\/index.php?rest_route=\/wp\/v2\/posts\/162208\/revisions"}],"wp:attachment":[{"href":"https:\/\/diariodominicano.com\/index.php?rest_route=%2Fwp%2Fv2%2Fmedia&parent=162208"}],"wp:term":[{"taxonomy":"category","embeddable":true,"href":"https:\/\/diariodominicano.com\/index.php?rest_route=%2Fwp%2Fv2%2Fcategories&post=162208"},{"taxonomy":"post_tag","embeddable":true,"href":"https:\/\/diariodominicano.com\/index.php?rest_route=%2Fwp%2Fv2%2Ftags&post=162208"}],"curies":[{"name":"wp","href":"https:\/\/api.w.org\/{rel}","templated":true}]}}