{"id":162207,"date":"2014-09-07T15:35:49","date_gmt":"2014-09-07T15:35:49","guid":{"rendered":"http:\/\/diariodominicano.ddns.net\/?p=162207"},"modified":"2014-09-07T15:35:49","modified_gmt":"2014-09-07T15:35:49","slug":"montas-llama-a-la-juventud-a-impulsar-una-nueva-epoca-de-cambios-democraticos-de-cara-al-futuro","status":"publish","type":"post","link":"https:\/\/diariodominicano.com\/?p=162207","title":{"rendered":"Mont\u00e1s llama a la juventud a impulsar una nueva \u00e9poca de cambios democr\u00e1ticos de cara al futuro"},"content":{"rendered":"<p><body><\/p>\n<p><img decoding=\"async\" src=\"img3\/montas.jpg\" \/>  <\/p>\n<p><span class=\"text1noticias\">Santo Domingo, RD, 7 de Septiembre.-El precandidato presidencial del Partido de la Liberaci\u00f3n Dominicana (PLD), ingeniero Tem\u00edstocles Mont\u00e1s, afirm\u00f3 que el pa\u00eds no puede avanzar mirando hacia atr\u00e1s, por lo que con la fuerza de la juventud encabezar\u00e1 una nueva era de cambios democr\u00e1ticos que sepulten el continuismo y abran paso a la alternabilidad democr\u00e1tica.<\/span><\/p>\n<\/p>\n<p><span class=\"text1noticias\">Al encabezar el s\u00e1bado un multitudinario acto con miles de j\u00f3venes en el Club San L\u00e1zaro, en esta capital, Mont\u00e1s expres\u00f3 que ser\u00e1 el candidato presidencial del PLD porque las fuerzas del cambio democr\u00e1tico arrasar\u00e1n contra las resacas del pasado que no tienen posibilidades de ofrecer nada nuevo al pa\u00eds.<\/span><\/p>\n<\/p>\n<p><span class=\"text1noticias\">\u00abLa historia pol\u00edtica no se puede concebir sin la participaci\u00f3n activa de la juventud dominicana en todos los procesos\u00bb, apunt\u00f3 Mont\u00e1s, tras afirmar que como dirigente fundador del PLD \u00abtenemos una gran deuda de gratitud con la juventud que tanto se ha sacrificado por su patria\u00bb.<\/span><\/p>\n<\/p>\n<p><span class=\"text1noticias\">Mont\u00e1s dijo que como Presidente de la Rep\u00fablica en agosto de 2016, \u00abgarantizo trabajo, educaci\u00f3n y una vida decente para los j\u00f3venes dominicanos, que fueron un brazo potente en la lucha por la libertad y por la superaci\u00f3n de todos los problemas de la naci\u00f3n\u00bb.<\/span><\/p>\n<\/p>\n<p><span class=\"text1noticias\">El Club San L\u00e1zaro, en el sector del mismo nombre en esta capital, fue abarrotado por decenas de cientos de j\u00f3venes que disfrutaron de un espect\u00e1culo art\u00edstico en el que intervinieron varios grupos de m\u00fasica de calle, bacheteros y salseros, entre ellos RCZ y El Hyper Sabelo, asi como el popular \u00abClasicom\u00bb y finalmente Sergio Hern\u00e1ndez.<\/span><\/p>\n<\/p>\n<p><span class=\"text1noticias\">Las intervenciones de los dirigentes del Movimiento Juventud con Temo Aneudy Leyba, Juan Manuel D\u00edaz, Aleja Taveras, Esther Jim\u00e9nez y Bianca Fajar se mezclaron con contagiosos ritmo de m\u00fasica urbana, salsa, merengue de calle y bachata en medio de un desbordante entusiasmo caracterizado por algarab\u00eda y un incesante agitar de banderas moradas, simbolo del Partido de la Liberaci\u00f3n Dominicana (PLD, inform\u00f3 el equipo de prensa de Mont\u00e1s.<\/span><\/p>\n<\/p>\n<p><span class=\"text1noticias\">\u00abLa lucha de hoy es por conquistar el derecho al trabajo, a un salario decente, luchar por lograr oportunidades para todos los dominicanos en su propio pa\u00eds\u00bb, se\u00f1al\u00f3 el alto dirigente del PLD.<\/span><\/p>\n<p><span class=\"text1noticias\">Afirm\u00f3 que cuenta con el apoyo de los j\u00f3venes para lograr la candidatura presidencial del PLD y para ganar las elecciones de 2016 \u00aby juntos impulsar la lucha por garantizar la libertad, la igualdad, la solidaridad, la seguridad\u00bb, que a su juicio  \u00abes la lucha por hacer de Rep\u00fablica Dominicana un pa\u00eds digno de vivir en \u00e9l, donde no haya que emigrar, sino disfrutar sus encantos, su cultura y la felicidad de gente alegre y virtuosa\u00bb.<\/span><\/p>\n<\/p>\n<p><span class=\"text1noticias\">\u00abAsumo el compromiso solemne de que cuando sea el Presidente de la Rep\u00fablica, voy a gobernar a favor de la juventud de la Rep\u00fablica Dominicana, potente estandarte de la lucha por la libertad y fuerza decisiva para hacer una administraci\u00f3n p\u00fablica honesta, transparente y al servicio del pueblo\u00bb, manifest\u00f3 el aspirante presidencial del PLD. <\/span><\/p>\n<\/p>\n<p><span class=\"text1noticias\">Pidi\u00f3 a todos los j\u00f3venes presentes en el acto que salgan \u00abcomprometidos a conseguir m\u00e1s j\u00f3venes para que trabajen para que nosotros seamos seleccionados el candidato presidencial del PLD para las pr\u00f3ximas elecciones, las que ganaremos con la fuerza de la juventud, de las mujeres, de los trabajadores, de los campesinos, de los dirigentes comunitarios y de las juntas de vecinos de todo el pa\u00eds\u00bb.<\/span><\/p>\n<\/p>\n<p><span class=\"text1noticias\">Mont\u00e1s prometi\u00f3 que su norte es \u00abempujar la lucha para un cambio que signifique abrir las puertas al futuro y cerrarlas al pasado. El futuro es la alternabilidad democr\u00e1tica cerr\u00e1ndole el paso al retroceso, sin volver atr\u00e1s\u00bb.<\/span><\/p>\n<\/p>\n<p><span class=\"text1noticias\">\u00abYo impulso la fuerza de la alternabilidad, del cambio, jam\u00e1s del retroceso al pasado porque un pa\u00eds no puede avanzar mirando hacia atr\u00e1s\u00bb, puntualiz\u00f3 Mont\u00e1s arrancando el aplauso de miles de j\u00f3venes que llenaron el Club San L\u00e1zaro en la tarde de este s\u00e1bado lluvioso.(HG)<\/span>.<\/p>\n<\/p>\n<h6> 2014-09-07 15:35:49 <\/h6>\n<p><!--\n<link rel=\"stylesheet\" href=\"css\/bootstrap.min.css\">\n\n\n<ul class=\"pagination\">\n\t    \n\t\n\n<li >\n\t<a href='?page_no=14635'>Previous<\/a>\n\t<\/li>\n\n\n       \n    \n\n<li><a href='?page_no=1'>1<\/a><\/li>\n\n\n\n<li><a href='?page_no=2'>2<\/a><\/li>\n\n\n\n<li><a>...<\/a><\/li>\n\n\n\n<li><a href='?page_no=14634'>14634<\/a><\/li>\n\n\n\n<li><a href='?page_no=14635'>14635<\/a><\/li>\n\n\n\n<li class='active'><a>14636<\/a><\/li>\n\n\n\n<li><a href='?page_no=14637'>14637<\/a><\/li>\n\n\n\n<li><a href='?page_no=14638'>14638<\/a><\/li>\n\n\n\n<li><a>...<\/a><\/li>\n\n\n\n<li><a href='?page_no=36999'>36999<\/a><\/li>\n\n\n\n<li><a href='?page_no=37000'>37000<\/a><\/li>\n\n    \n\t\n\n<li >\n\t<a href='?page_no=14637'>Next<\/a>\n\t<\/li>\n\n\n    \n\n<li><a href='?page_no=37000'>Last &rsaquo;&rsaquo;<\/a><\/li>\n\n<\/ul>\n\n\n--><br \/>\n<\/body><\/p>\n","protected":false},"excerpt":{"rendered":"<p>Santo Domingo, RD, 7 de Septiembre.-El precandidato presidencial del Partido de la Liberaci\u00f3n Dominicana (PLD), ingeniero Tem\u00edstocles Mont\u00e1s, afirm\u00f3 que el pa\u00eds no puede avanzar mirando hacia atr\u00e1s, por lo que con la fuerza de la juventud encabezar\u00e1 una nueva era de cambios democr\u00e1ticos que sepulten el continuismo y abran paso a la alternabilidad democr\u00e1tica. [&hellip;]<\/p>\n","protected":false},"author":3,"featured_media":0,"comment_status":"open","ping_status":"open","sticky":false,"template":"","format":"standard","meta":{"footnotes":""},"categories":[22],"tags":[],"class_list":["post-162207","post","type-post","status-publish","format-standard","hentry","category-politica"],"_links":{"self":[{"href":"https:\/\/diariodominicano.com\/index.php?rest_route=\/wp\/v2\/posts\/162207","targetHints":{"allow":["GET"]}}],"collection":[{"href":"https:\/\/diariodominicano.com\/index.php?rest_route=\/wp\/v2\/posts"}],"about":[{"href":"https:\/\/diariodominicano.com\/index.php?rest_route=\/wp\/v2\/types\/post"}],"author":[{"embeddable":true,"href":"https:\/\/diariodominicano.com\/index.php?rest_route=\/wp\/v2\/users\/3"}],"replies":[{"embeddable":true,"href":"https:\/\/diariodominicano.com\/index.php?rest_route=%2Fwp%2Fv2%2Fcomments&post=162207"}],"version-history":[{"count":0,"href":"https:\/\/diariodominicano.com\/index.php?rest_route=\/wp\/v2\/posts\/162207\/revisions"}],"wp:attachment":[{"href":"https:\/\/diariodominicano.com\/index.php?rest_route=%2Fwp%2Fv2%2Fmedia&parent=162207"}],"wp:term":[{"taxonomy":"category","embeddable":true,"href":"https:\/\/diariodominicano.com\/index.php?rest_route=%2Fwp%2Fv2%2Fcategories&post=162207"},{"taxonomy":"post_tag","embeddable":true,"href":"https:\/\/diariodominicano.com\/index.php?rest_route=%2Fwp%2Fv2%2Ftags&post=162207"}],"curies":[{"name":"wp","href":"https:\/\/api.w.org\/{rel}","templated":true}]}}