{"id":162206,"date":"2014-09-07T15:49:35","date_gmt":"2014-09-07T15:49:35","guid":{"rendered":"http:\/\/diariodominicano.ddns.net\/?p=162206"},"modified":"2014-09-07T15:49:35","modified_gmt":"2014-09-07T15:49:35","slug":"sanz-lovaton-propone-que-se-unifique-la-oposicion","status":"publish","type":"post","link":"https:\/\/diariodominicano.com\/?p=162206","title":{"rendered":"Sanz Lovat\u00f3n propone que se unifique la oposici\u00f3n"},"content":{"rendered":"<p><body><\/p>\n<p><img decoding=\"async\" src=\"img3\/Eduardo.jpg\" \/>  <\/p>\n<p><span class=\"text1noticias\">Santo Domingo, RD, 7 de Septiembre.-El aspirante a senador del Distrito Nacional, Eduardo Sanz Lovat\u00f3n abog\u00f3 por la unidad de todas las fuerzas opositoras, tras afirmar que en el pa\u00eds urge un cambio pol\u00edtico que traiga equilibrio en los poderes del Estado que est\u00e1n controlados por el Partido de la Liberaci\u00f3n Dominicana (PLD). <\/span><\/p>\n<p><span class=\"text1noticias\"> <\/span><\/p>\n<p><span class=\"text1noticias\">El abogado y profesor universitario explic\u00f3 que el pa\u00eds necesita nuevas alternativas cre\u00edbles para enfrentar a un PLD que con todos sus a\u00f1os de gobierno no ha podido paliar un solo de los grandes problemas nacionales. <\/span><\/p>\n<p><span class=\"text1noticias\"> <\/span><\/p>\n<p><span class=\"text1noticias\">El dirigente pol\u00edtico abog\u00f3 por una plan estrat\u00e9gico de naci\u00f3n que aborde sin colores partidarios los temas neur\u00e1lgicos de la energ\u00eda el\u00e9ctrica, la seguridad ciudadana, el desempleo, el problema migratorio y la corrupci\u00f3n administrativa entre otros. <\/span><\/p>\n<p><span class=\"text1noticias\"> <\/span><\/p>\n<p><span class=\"text1noticias\">Sanz afirm\u00f3, al ser entrevistado en el programa Aeromundo producido por el periodista Guillermo G\u00f3mez, que el Senado de la Rep\u00fablica necesita asumir su rol fiscalizador de las acciones del poder ejecutivo, critico adem\u00e1s que no haya una sola iniciativa legislativa para organizar la vida de la capital Primada de Am\u00e9rica. <\/span><\/p>\n<p><span class=\"text1noticias\"> <\/span><\/p>\n<p><span class=\"text1noticias\">\u00abEn todos estos a\u00f1os que el Presidente del Senado ha sido un senador de la Capital y no tenemos un solo ordenamiento en el Distrito Nacional que incentive el turismo cultural que tanto puede ofrecer la ciudad que sirvi\u00f3 de genesis al continente Americano\u00bb, indic\u00f3. <\/span><\/p>\n<p><span class=\"text1noticias\"> <\/span><\/p>\n<p><span class=\"text1noticias\">El abogado asegur\u00f3 que el pa\u00eds necesita de una oposici\u00f3n firme que persiga y denuncie los temas de corrupci\u00f3n. \u00abNo puede ser que la pol\u00edtica en este pa\u00eds siga siendo una escalera para ascender econ\u00f3micamente sin ninguna preocupaci\u00f3n \u00e9tica\u00bb, enfatiz\u00f3. <\/span><\/p>\n<p><span class=\"text1noticias\"> <\/span><\/p>\n<p><span class=\"text1noticias\">\u00abEl deterioro de nuestra sociedad viene d\u00e1ndose por todo el poder que acumula el PLD y que ahora se pretende perpetuar de manera indefinida en un modelo corrupto y desfasado. Todas la democracias fuertes del mundo, basan su solidez en la alternancia en el poder y en compartir el poder. Todo en manos de un partido es muy peligroso, sea el partido que sea.\u00bb, advirti\u00f3. <\/span><\/p>\n<p><span class=\"text1noticias\"> <\/span><\/p>\n<p><span class=\"text1noticias\">El dirigente del PRD exhort\u00f3 al gobierno a organizar una verdadera promoci\u00f3n para que el pa\u00eds asuma un plan estrat\u00e9gico a largo plazo en los temas fundamentales como las relaciones con el vecino pa\u00eds de Haiti. Por estas iniciativas, explic\u00f3, es que lleva a cabo un proceso de consulta con compa\u00f1eros de partido, movimientos sociales y organizaciones comunitarias para ver si se puede hacer una carrera electoral fuerte para que en el congreso nacional pueda haber una apertura que contrarrestre el poder abusivo que ostenta el PLD.(HG)<\/span>. <\/p>\n<h6> 2014-09-07 15:49:35 <\/h6>\n<p><!--\n<link rel=\"stylesheet\" href=\"css\/bootstrap.min.css\">\n\n\n<ul class=\"pagination\">\n\t    \n\t\n\n<li >\n\t<a href='?page_no=14634'>Previous<\/a>\n\t<\/li>\n\n\n       \n    \n\n<li><a href='?page_no=1'>1<\/a><\/li>\n\n\n\n<li><a href='?page_no=2'>2<\/a><\/li>\n\n\n\n<li><a>...<\/a><\/li>\n\n\n\n<li><a href='?page_no=14633'>14633<\/a><\/li>\n\n\n\n<li><a href='?page_no=14634'>14634<\/a><\/li>\n\n\n\n<li class='active'><a>14635<\/a><\/li>\n\n\n\n<li><a href='?page_no=14636'>14636<\/a><\/li>\n\n\n\n<li><a href='?page_no=14637'>14637<\/a><\/li>\n\n\n\n<li><a>...<\/a><\/li>\n\n\n\n<li><a href='?page_no=36999'>36999<\/a><\/li>\n\n\n\n<li><a href='?page_no=37000'>37000<\/a><\/li>\n\n    \n\t\n\n<li >\n\t<a href='?page_no=14636'>Next<\/a>\n\t<\/li>\n\n\n    \n\n<li><a href='?page_no=37000'>Last &rsaquo;&rsaquo;<\/a><\/li>\n\n<\/ul>\n\n\n--><br \/>\n<\/body><\/p>\n","protected":false},"excerpt":{"rendered":"<p>Santo Domingo, RD, 7 de Septiembre.-El aspirante a senador del Distrito Nacional, Eduardo Sanz Lovat\u00f3n abog\u00f3 por la unidad de todas las fuerzas opositoras, tras afirmar que en el pa\u00eds urge un cambio pol\u00edtico que traiga equilibrio en los poderes del Estado que est\u00e1n controlados por el Partido de la Liberaci\u00f3n Dominicana (PLD). El abogado [&hellip;]<\/p>\n","protected":false},"author":3,"featured_media":0,"comment_status":"open","ping_status":"open","sticky":false,"template":"","format":"standard","meta":{"footnotes":""},"categories":[22],"tags":[],"class_list":["post-162206","post","type-post","status-publish","format-standard","hentry","category-politica"],"_links":{"self":[{"href":"https:\/\/diariodominicano.com\/index.php?rest_route=\/wp\/v2\/posts\/162206","targetHints":{"allow":["GET"]}}],"collection":[{"href":"https:\/\/diariodominicano.com\/index.php?rest_route=\/wp\/v2\/posts"}],"about":[{"href":"https:\/\/diariodominicano.com\/index.php?rest_route=\/wp\/v2\/types\/post"}],"author":[{"embeddable":true,"href":"https:\/\/diariodominicano.com\/index.php?rest_route=\/wp\/v2\/users\/3"}],"replies":[{"embeddable":true,"href":"https:\/\/diariodominicano.com\/index.php?rest_route=%2Fwp%2Fv2%2Fcomments&post=162206"}],"version-history":[{"count":0,"href":"https:\/\/diariodominicano.com\/index.php?rest_route=\/wp\/v2\/posts\/162206\/revisions"}],"wp:attachment":[{"href":"https:\/\/diariodominicano.com\/index.php?rest_route=%2Fwp%2Fv2%2Fmedia&parent=162206"}],"wp:term":[{"taxonomy":"category","embeddable":true,"href":"https:\/\/diariodominicano.com\/index.php?rest_route=%2Fwp%2Fv2%2Fcategories&post=162206"},{"taxonomy":"post_tag","embeddable":true,"href":"https:\/\/diariodominicano.com\/index.php?rest_route=%2Fwp%2Fv2%2Ftags&post=162206"}],"curies":[{"name":"wp","href":"https:\/\/api.w.org\/{rel}","templated":true}]}}