{"id":162204,"date":"2014-09-07T19:15:15","date_gmt":"2014-09-07T19:15:15","guid":{"rendered":"http:\/\/diariodominicano.ddns.net\/?p=162204"},"modified":"2014-09-07T19:15:15","modified_gmt":"2014-09-07T19:15:15","slug":"piden-a-mejia-aceptar-nominacion-candidatura-presidencial-por-el-prm","status":"publish","type":"post","link":"https:\/\/diariodominicano.com\/?p=162204","title":{"rendered":"&#13;Piden a Mej\u00eda aceptar nominaci\u00f3n candidatura presidencial por el PRM"},"content":{"rendered":"<p><body><\/p>\n<p><img decoding=\"async\" src=\"img3\/loco 7.jpg\" \/>  <\/p>\n<p>Saman\u00e1 RD 7 septiembre.- Decenas de dirigentes del Partido Revolucionario Mayoritario (PRM)  pidieron al ex Presidente Hip\u00f3lito Mej\u00eda  aceptar su nominaci\u00f3n como candidato  para las elecciones del 2016 porque es el ciudadano con el mejor aval para encabezar con \u00e9xito la opci\u00f3n de la Convergencia por un Mejor Pa\u00eds.<\/p>\n<\/p>\n<p>En una reuni\u00f3n encabezada por los dirigentes Luis Ernesto Camilo, Miguel V\u00e1squez  y Siqui\u00f3 NG de la Rosa,  los asistentes  reafirmaron su decisi\u00f3n de apoyar al candidato que escoja la Convergencia  y se comprometieron a trabajar por el triunfo de Hip\u00f3lito Mej\u00eda y el PRM en  las elecciones de mayo del 2016.<\/p>\n<\/p>\n<p>El licenciado Camilo, Coordinador del encuentro, expres\u00f3 que el pueblo dominicano siente que tiene una deuda con el Presidente Hip\u00f3lito Mej\u00eda, por el robo de las pasadas elecciones del a\u00f1o 2012, en la cual  recibi\u00f3  2,2 millones de votos.<\/p>\n<\/p>\n<p>Enfatiz\u00f3 que, Hip\u00f3lito Mej\u00eda  es el hombre del carisma, que concita la voluntad de la gente que sale a las calles, cuenta con la aceptaci\u00f3n de todos los sectores, es confiable por su demostrada experiencia como estadista, por lo que en est\u00e1 circunstancia puede derrotar a Leonel Fern\u00e1ndez  y sacar la corporaci\u00f3n PLD del poder,<\/p>\n<\/p>\n<p>Camilo inst\u00f3 a los samanenses  y  a todos los seguidores  del  Presidente Mej\u00eda a trabajar para superar los errores del pasado  y fortalecer el PRM, para que la poblaci\u00f3n perciba que es una propuesta diferente, confiable que canalizar\u00e1 sus esperanzas .<\/p>\n<\/p>\n<p>Acompa\u00f1aron a Lu\u00eds Ernesto Camilo, los destacados dirigentes y miembros de la Comisi\u00f3n Regional: Siqui\u00f3 NG de la Rosa, Miguel V\u00e1squez Escoto, Miguel V\u00e1squez Castro, Leonardo Fa\u00f1a, Junior Peralta.<\/p>\n<\/p>\n<p>Tambi\u00e9n, Juan Jos\u00e9 Morales, diputado y Presidente provincial PRM en Saman\u00e1,  Pedro L\u00f3pez  Presidente municipal Santa B\u00e1rbara de Saman\u00e1, Roberto Esquea, Williams Fondeur Maldonado, Danny Calca\u00f1o del municipio de S\u00e1nchez, Jos\u00e9 Agust\u00edn, regidor de las Terrenas, Teodora Mullix, Presidenta provincial de las mujeres, Carmencita Nelly, secretaria, entre otros.<\/p>\n<h6> 2014-09-07 19:15:15 <\/h6>\n<p><!--\n<link rel=\"stylesheet\" href=\"css\/bootstrap.min.css\">\n\n\n<ul class=\"pagination\">\n\t    \n\t\n\n<li >\n\t<a href='?page_no=14632'>Previous<\/a>\n\t<\/li>\n\n\n       \n    \n\n<li><a href='?page_no=1'>1<\/a><\/li>\n\n\n\n<li><a href='?page_no=2'>2<\/a><\/li>\n\n\n\n<li><a>...<\/a><\/li>\n\n\n\n<li><a href='?page_no=14631'>14631<\/a><\/li>\n\n\n\n<li><a href='?page_no=14632'>14632<\/a><\/li>\n\n\n\n<li class='active'><a>14633<\/a><\/li>\n\n\n\n<li><a href='?page_no=14634'>14634<\/a><\/li>\n\n\n\n<li><a href='?page_no=14635'>14635<\/a><\/li>\n\n\n\n<li><a>...<\/a><\/li>\n\n\n\n<li><a href='?page_no=36999'>36999<\/a><\/li>\n\n\n\n<li><a href='?page_no=37000'>37000<\/a><\/li>\n\n    \n\t\n\n<li >\n\t<a href='?page_no=14634'>Next<\/a>\n\t<\/li>\n\n\n    \n\n<li><a href='?page_no=37000'>Last &rsaquo;&rsaquo;<\/a><\/li>\n\n<\/ul>\n\n\n--><br \/>\n<\/body><\/p>\n","protected":false},"excerpt":{"rendered":"<p>Saman\u00e1 RD 7 septiembre.- Decenas de dirigentes del Partido Revolucionario Mayoritario (PRM) pidieron al ex Presidente Hip\u00f3lito Mej\u00eda aceptar su nominaci\u00f3n como candidato para las elecciones del 2016 porque es el ciudadano con el mejor aval para encabezar con \u00e9xito la opci\u00f3n de la Convergencia por un Mejor Pa\u00eds. En una reuni\u00f3n encabezada por los [&hellip;]<\/p>\n","protected":false},"author":3,"featured_media":0,"comment_status":"open","ping_status":"open","sticky":false,"template":"","format":"standard","meta":{"footnotes":""},"categories":[22],"tags":[],"class_list":["post-162204","post","type-post","status-publish","format-standard","hentry","category-politica"],"_links":{"self":[{"href":"https:\/\/diariodominicano.com\/index.php?rest_route=\/wp\/v2\/posts\/162204","targetHints":{"allow":["GET"]}}],"collection":[{"href":"https:\/\/diariodominicano.com\/index.php?rest_route=\/wp\/v2\/posts"}],"about":[{"href":"https:\/\/diariodominicano.com\/index.php?rest_route=\/wp\/v2\/types\/post"}],"author":[{"embeddable":true,"href":"https:\/\/diariodominicano.com\/index.php?rest_route=\/wp\/v2\/users\/3"}],"replies":[{"embeddable":true,"href":"https:\/\/diariodominicano.com\/index.php?rest_route=%2Fwp%2Fv2%2Fcomments&post=162204"}],"version-history":[{"count":0,"href":"https:\/\/diariodominicano.com\/index.php?rest_route=\/wp\/v2\/posts\/162204\/revisions"}],"wp:attachment":[{"href":"https:\/\/diariodominicano.com\/index.php?rest_route=%2Fwp%2Fv2%2Fmedia&parent=162204"}],"wp:term":[{"taxonomy":"category","embeddable":true,"href":"https:\/\/diariodominicano.com\/index.php?rest_route=%2Fwp%2Fv2%2Fcategories&post=162204"},{"taxonomy":"post_tag","embeddable":true,"href":"https:\/\/diariodominicano.com\/index.php?rest_route=%2Fwp%2Fv2%2Ftags&post=162204"}],"curies":[{"name":"wp","href":"https:\/\/api.w.org\/{rel}","templated":true}]}}