{"id":162203,"date":"2014-09-08T02:03:12","date_gmt":"2014-09-08T02:03:12","guid":{"rendered":"http:\/\/diariodominicano.ddns.net\/?p=162203"},"modified":"2014-09-08T02:03:12","modified_gmt":"2014-09-08T02:03:12","slug":"quique-antun-falta-de-empleos-en-san-pedro-de-macoris-se-debe-a-cierre-de-ingenios-y-zonas-franca","status":"publish","type":"post","link":"https:\/\/diariodominicano.com\/?p=162203","title":{"rendered":"Quique Ant\u00fan: falta de empleos en San Pedro de Macor\u00eds se debe a cierre de ingenios y zonas franca"},"content":{"rendered":"<p><body><\/p>\n<p><img decoding=\"async\" src=\"img3\/quique.jpg\" \/>  <\/p>\n<p><span class=\"text1noticias\">San Pedro Macor\u00eds, R. D., 7 de septiembre.- El presidente del Partido Reformista Social Cristiano, (PRSC), ingeniero Federico Ant\u00fan Batlle declar\u00f3 que la juventud de esta provincia no tiene oportunidades de  empleos porque los ingenios azucareros est\u00e1n apagados, la zona franca languideciendo y el turismo se ha ido a otras ciudades.<\/span><\/p>\n<p><span class=\"text1noticias\"> <\/span><\/p>\n<p><span class=\"text1noticias\">\u00abMe apena ver como los j\u00f3venes petromacorisanos viven deambulando por las calles de esta ciudad por falta de empleos, a pesar de que muchos son profesionales y t\u00e9cnicos en diferentes \u00e1reas\u00bb, dijo.<\/span><\/p>\n<p><span class=\"text1noticias\"> <\/span><\/p>\n<p><span class=\"text1noticias\">Sostuvo que el PRSC tiene que recuperar esta plaza para activar la zona franca que cre\u00f3 Joaqu\u00edn Balaguer  y volver a encender los ingenios, que eran la vida econ\u00f3mica de la provincia.<\/span><\/p>\n<p><span class=\"text1noticias\"> <\/span><\/p>\n<p><span class=\"text1noticias\">Exhort\u00f3 a la dirigencia reformista a que en un trabajo conjunto con la juventud y las mujeres inicien nuevas jornadas para recuperar esta plaza electoral, \u00abporque San Pedro de Macor\u00eds merece volver a ser gobernada por los mejores y los mejores est\u00e1n en el PRSC\u00bb.<\/span><\/p>\n<p><span class=\"text1noticias\"> <\/span><\/p>\n<p><span class=\"text1noticias\">Quique Ant\u00fan habl\u00f3 en el marco de un concurrido acto donde jurament\u00f3 a cerca de mil j\u00f3venes de esta provincia que formalizaron su ingreso al nuevo PRSC. Estuvo acompa\u00f1ado de los dirigentes Josecito Hazim, Amable Aristy Castro, Ito Bison\u00f3, Rafaela Alburquerque (Lila), M\u00e1ximo Castro Silverio, Milton Ginebra, Alfredo Gonz\u00e1lez y Sergia Elena de S\u00e9liman, miembros del Directorio Presidencial (DP). As\u00ed como Do\u00f1a Vilma de Hazim, Jos\u00e9 Tatis G\u00f3mez y Sergio Cede\u00f1o, vicepresidente regional y ex s\u00edndico de esta ciudad, quien estuvo al frente de la coordinaci\u00f3n del encuentro de j\u00f3venes.<\/span><\/p>\n<p><span class=\"text1noticias\"> <\/span><\/p>\n<p><span class=\"text1noticias\">El l\u00edder de los reformistas se quej\u00f3 que mientras las oportunidades para la juventud se cierran, crece  de manera preocupante la inseguridad y la delincuencia en la provincia.<\/span><\/p>\n<p><span class=\"text1noticias\">Afirm\u00f3 que esta provincia fue la capital  econ\u00f3mica y cultural del pa\u00eds, \u00aby era un pueblo  que impulsaba el desarrollo nacional\u00bb.<\/span><\/p>\n<p><span class=\"text1noticias\"> <\/span><\/p>\n<p><span class=\"text1noticias\">\u00abHoy, llegue temprano a la ciudad y recorr\u00ed sus calles como cuando era un adolescente porque aqu\u00ed nac\u00ed y aqu\u00ed me cri\u00e9, y quiero confesarles que me embarg\u00f3 una pena profunda cuando vimos que todo el centro de San Pedro de Macor\u00eds est\u00e1 en ruina\u00bb, agreg\u00f3.<\/span><\/p>\n<p><span class=\"text1noticias\"> <\/span><\/p>\n<p><span class=\"text1noticias\">Dijo que en su recorrido se convenci\u00f3 de que cuando el Partido Reformista Social Cristiano gobernaba la naci\u00f3n \u00aben esta ciudad las cosas eran diferentes\u00bb.<\/span><\/p>\n<p><span class=\"text1noticias\"> <\/span><\/p>\n<p><span class=\"text1noticias\">Quique Ant\u00fan felicit\u00f3 a la juventud petromacorisana y del Este, por la organizaci\u00f3n de este acto de juramentaci\u00f3n, que dijo \u00abreafirma una vez m\u00e1s, que el futuro del Partido Reformista descansa en la juventud y en las mujeres\u00bb.<\/span><\/p>\n<p><span class=\"text1noticias\"> <\/span><\/p>\n<p><span class=\"text1noticias\">Pero sobre todo ?apunt\u00f3- quiero felicitar a dos hist\u00f3ricos dirigentes de esta provincia, el doctor Jos\u00e9 Hazim y su esposa Vilma de Hazim, quienes se han entregado en cuerpo y alma a rescatar el reformismo en San pedro de Macor\u00eds. Me refiero al Dr. Jos\u00e9 Hazim y su esposa Vilma de Hazim.<\/span><\/p>\n<p><span class=\"text1noticias\"> <\/span><\/p>\n<p><span class=\"text1noticias\">En medio de fuertes aplausos los j\u00f3venes que abarrotaron la Cancha Club Centro, pidieron al doctor Jos\u00e9 Hazim Frappier que acepte la candidatura a senador por la provincia con miras a las elecciones de 2016.<\/span><\/p>\n<p><span class=\"text1noticias\"> <\/span><\/p>\n<p><span class=\"text1noticias\">Dijeron que el ex senador Hazim Frappier es la persona ideal para asumir esa candidatura y recuperar esta plaza electoral.<\/span><\/p>\n<p><span class=\"text1noticias\"> <\/span><\/p>\n<p><span class=\"text1noticias\">Por la Juventud Reformista Social Cristiano, (JRSC) estuvieron presentes Jorge Dargam, Peter Amable, Carlos Modesto Guzm\u00e1n,  Ra\u00fal ?Chucho- Negr\u00f3n, Ynti Alburquerque, <\/span>entre otros.<\/p>\n<h6> 2014-09-08 02:03:12 <\/h6>\n<p><!--\n<link rel=\"stylesheet\" href=\"css\/bootstrap.min.css\">\n\n\n<ul class=\"pagination\">\n\t    \n\t\n\n<li >\n\t<a href='?page_no=14631'>Previous<\/a>\n\t<\/li>\n\n\n       \n    \n\n<li><a href='?page_no=1'>1<\/a><\/li>\n\n\n\n<li><a href='?page_no=2'>2<\/a><\/li>\n\n\n\n<li><a>...<\/a><\/li>\n\n\n\n<li><a href='?page_no=14630'>14630<\/a><\/li>\n\n\n\n<li><a href='?page_no=14631'>14631<\/a><\/li>\n\n\n\n<li class='active'><a>14632<\/a><\/li>\n\n\n\n<li><a href='?page_no=14633'>14633<\/a><\/li>\n\n\n\n<li><a href='?page_no=14634'>14634<\/a><\/li>\n\n\n\n<li><a>...<\/a><\/li>\n\n\n\n<li><a href='?page_no=36999'>36999<\/a><\/li>\n\n\n\n<li><a href='?page_no=37000'>37000<\/a><\/li>\n\n    \n\t\n\n<li >\n\t<a href='?page_no=14633'>Next<\/a>\n\t<\/li>\n\n\n    \n\n<li><a href='?page_no=37000'>Last &rsaquo;&rsaquo;<\/a><\/li>\n\n<\/ul>\n\n\n--><br \/>\n<\/body><\/p>\n","protected":false},"excerpt":{"rendered":"<p>San Pedro Macor\u00eds, R. D., 7 de septiembre.- El presidente del Partido Reformista Social Cristiano, (PRSC), ingeniero Federico Ant\u00fan Batlle declar\u00f3 que la juventud de esta provincia no tiene oportunidades de empleos porque los ingenios azucareros est\u00e1n apagados, la zona franca languideciendo y el turismo se ha ido a otras ciudades. \u00abMe apena ver como [&hellip;]<\/p>\n","protected":false},"author":3,"featured_media":0,"comment_status":"open","ping_status":"open","sticky":false,"template":"","format":"standard","meta":{"footnotes":""},"categories":[22],"tags":[],"class_list":["post-162203","post","type-post","status-publish","format-standard","hentry","category-politica"],"_links":{"self":[{"href":"https:\/\/diariodominicano.com\/index.php?rest_route=\/wp\/v2\/posts\/162203","targetHints":{"allow":["GET"]}}],"collection":[{"href":"https:\/\/diariodominicano.com\/index.php?rest_route=\/wp\/v2\/posts"}],"about":[{"href":"https:\/\/diariodominicano.com\/index.php?rest_route=\/wp\/v2\/types\/post"}],"author":[{"embeddable":true,"href":"https:\/\/diariodominicano.com\/index.php?rest_route=\/wp\/v2\/users\/3"}],"replies":[{"embeddable":true,"href":"https:\/\/diariodominicano.com\/index.php?rest_route=%2Fwp%2Fv2%2Fcomments&post=162203"}],"version-history":[{"count":0,"href":"https:\/\/diariodominicano.com\/index.php?rest_route=\/wp\/v2\/posts\/162203\/revisions"}],"wp:attachment":[{"href":"https:\/\/diariodominicano.com\/index.php?rest_route=%2Fwp%2Fv2%2Fmedia&parent=162203"}],"wp:term":[{"taxonomy":"category","embeddable":true,"href":"https:\/\/diariodominicano.com\/index.php?rest_route=%2Fwp%2Fv2%2Fcategories&post=162203"},{"taxonomy":"post_tag","embeddable":true,"href":"https:\/\/diariodominicano.com\/index.php?rest_route=%2Fwp%2Fv2%2Ftags&post=162203"}],"curies":[{"name":"wp","href":"https:\/\/api.w.org\/{rel}","templated":true}]}}