{"id":162202,"date":"2014-09-08T03:25:34","date_gmt":"2014-09-08T03:25:34","guid":{"rendered":"http:\/\/diariodominicano.ddns.net\/?p=162202"},"modified":"2014-09-08T03:25:34","modified_gmt":"2014-09-08T03:25:34","slug":"las-lecciones-de-loma-miranda-y-el-congreso","status":"publish","type":"post","link":"https:\/\/diariodominicano.com\/?p=162202","title":{"rendered":"&#13;Las lecciones de Loma Miranda y el Congreso"},"content":{"rendered":"<p><body><\/p>\n<p><img decoding=\"async\" src=\"img3\/mannyj.jpg\" \/>  <\/p>\n<p><span class=\"text1noticias\"> <\/span><\/p>\n<p><span class=\"text1noticias\">\t<\/span><\/p>\n<p><span class=\"text1noticias\">\tPor Manuel Jim\u00e9nez<\/span><\/p>\n<\/p>\n<p><span class=\"text1noticias\">Quienes han observado el comportamiento de nuestros legisladores despu\u00e9s de las observaciones del Presidente Medina a la ley que declar\u00f3  Loma Miranda Parque Nacional, tendr\u00e1n que concluir que estamos frente a un acto de gran irresponsabilidad que debe llevarnos a una profunda reflexi\u00f3n.<\/span><\/p>\n<p><span class=\"text1noticias\">\tDe manera alegre nuestro Congreso Nacional vot\u00f3 casi a unanimidad  para declarar \u00e1rea protegida un promontorio ubicado pr\u00f3ximo a la autopista Duarte cediendo a presiones de grupos interesados, que en principio enarbolaron como una verdad que en esa loma nac\u00edan cuarenta r\u00edos.  \u00bfCuarenta r\u00edos?, uno se preguntaba sorprendido. Nunca, sin embargo, pudieron ofrecerles a la opini\u00f3n p\u00fablica al menos los nombres de 5 de esos supuestos r\u00edos.<\/span><\/p>\n<p><span class=\"text1noticias\">\tPosteriormente descendieron el n\u00famero a 13 y m\u00e1s tarde hablaron de manantiales. Quienes residen en esa zona monta\u00f1osa pr\u00f3xima al Valle de La Vega Real se sorprenden cuando se les comenta estas expresiones salidas de grupos de \u00abescologistas\u00bb o  \u00abdefensores del ambiente\u00bb,  que en realidad no son otra cosa que generadores de confusi\u00f3n y marionetas de intereses creados, incluso de naturaleza pol\u00edtica, que es lo m\u00e1s vergonzoso.<\/span><\/p>\n<p><span class=\"text1noticias\">\tDigo que la actitud de nuestros legisladores debe llevarnos a una profunda reflexi\u00f3n sobre la naturaleza y composici\u00f3n de ese Congreso, porque despu\u00e9s de aprobar de manera un\u00e1nime un proyecto de ley, cinco d\u00edas despu\u00e9s aceptan con escasos y d\u00e9biles argumentos todas las observaciones del Poder Ejecutivo.<\/span><\/p>\n<p><span class=\"text1noticias\">\tVeamos.  El presidente Danilo Medina, en pocas palabras, les dijo a esos congresistas: ustedes han aprobado una ley sin tomar en cuenta que viola preceptos de la Constituci\u00f3n de la Rep\u00fablica, sin tomar en cuenta acuerdos internacionales de los cuales es signataria Rep\u00fablica Dominicana; ustedes han aprobado una ley sin observar que en materia de expropiaci\u00f3n el Congreso Nacional no cuenta, que en esta materia intervienen s\u00f3lo el Poder Ejecutivo  y el Poder Judicial. <\/span><\/p>\n<p><span class=\"text1noticias\">Pero m\u00e1s a\u00fan. Les llam\u00f3 la atenci\u00f3n  porque antes de embarcarse en la aprobaci\u00f3n de esa aventura debieron pensar en una Ley de Ordenamiento Territorial, en discusi\u00f3n desde hace m\u00e1s de diez a\u00f1os, para que el pa\u00eds pudiera contar con un instrumento legal que segmente las zonas vedadas a todo tipo de exploraci\u00f3n o explotaci\u00f3n  minera y de esta manera, agrego yo, no estar sometidos a las presiones de grupos que utilizan el medio ambiente para su promoci\u00f3n pol\u00edtico-partidista. A todas estas correctas observaciones del Presidente Medina, esos legisladores, los mismos que hace cinco d\u00edas hab\u00edan dado su visto bueno a ese proyecto-repito, de manera festiva y desafiante- levantaron sus manos para decir: \u00abS\u00ed,  Se\u00f1or Presidente, usted tiene raz\u00f3n, nos equivocamos\u00bb.<\/span><\/p>\n<p><span class=\"text1noticias\">\tEl otro punto: juristas de renombre y bien ganado prestigio, como es el caso de Luciano Pichardo, ex vicepresidente de la Suprema Corte de Justicia, y m\u00e1s reciente el Consultor Jur\u00eddico del Poder Ejecutivo, C\u00e9sar Pina Toribio, advert\u00edan que con sus observaciones el Presidente Medina salv\u00f3 al pa\u00eds de una condena segura en un tribunal internacional, en caso de que esa ley hubiese sido promulgada y la empresa Falcondo se hubiera decidido a formalizar una reclamaci\u00f3n  por compensaci\u00f3n al Estado Dominicano. Se ha estado hablando de una suma astron\u00f3mica:  4 mil millones de d\u00f3lares, que ya el gobierno anticip\u00f3 que no dispone en sus arcas. Es decir, que nuestro Congreso tampoco se detuvo a observar esta consecuencia.<\/span><\/p>\n<p><span class=\"text1noticias\"> Frente al cuestionamiento de que  no tom\u00f3 en cuenta esta parte a la hora de elaborar y aprobar dicha ley, surgi\u00f3 desde una de las bancadas del Congreso otro disparate. Se habl\u00f3 de que eso s\u00ed se contempl\u00f3, y de qu\u00e9 manera. Los cuartos se obtendr\u00edan de las multas que impone el Ministerio de Medio Ambiente a las violaciones a la ley minera, pero resulta que ese organismo ha aclarado que la aplicaci\u00f3n de esa disposici\u00f3n apenas recauda 6 millones de pesos anuales. \u00bfInvestigaron nuestros congresistas? Obviamente que no.<\/span><\/p>\n<p><span class=\"text1noticias\">\tLa segunda fuente de ingreso contemplada en la ley de marras es el pasivo ambiental, iniciativa que obligar\u00eda al Estado a sentarse de nuevo frente a las operadores de las empresas mineras legalmente establecidas en el pa\u00eds, para convencerlas de que era necesaria una reforma a la ley vigente, cambio que tampoco asegurar\u00eda los recursos que habr\u00eda que compensar. Es decir, que todo lo que se aprob\u00f3 fue de o\u00eddas. <\/span><\/p>\n<p><span class=\"text1noticias\">\tLa gente sensata se pregunta si estamos bien, si andamos por el camino correcto, porque eso de un Congreso cediendo a presiones y finalmente actuando en funci\u00f3n del populismo, aprobando algo hoy para ma\u00f1ana rechazarlo no pinta nada bueno para este pa\u00eds.<\/span><\/p>\n<p><span class=\"text1noticias\">\t<\/span><\/p>\n<\/p>\n<\/p>\n<\/p>\n<\/p>\n<\/p>\n<h6> 2014-09-08 03:25:34 <\/h6>\n<p><!--\n<link rel=\"stylesheet\" href=\"css\/bootstrap.min.css\">\n\n\n<ul class=\"pagination\">\n\t    \n\t\n\n<li >\n\t<a href='?page_no=14630'>Previous<\/a>\n\t<\/li>\n\n\n       \n    \n\n<li><a href='?page_no=1'>1<\/a><\/li>\n\n\n\n<li><a href='?page_no=2'>2<\/a><\/li>\n\n\n\n<li><a>...<\/a><\/li>\n\n\n\n<li><a href='?page_no=14629'>14629<\/a><\/li>\n\n\n\n<li><a href='?page_no=14630'>14630<\/a><\/li>\n\n\n\n<li class='active'><a>14631<\/a><\/li>\n\n\n\n<li><a href='?page_no=14632'>14632<\/a><\/li>\n\n\n\n<li><a href='?page_no=14633'>14633<\/a><\/li>\n\n\n\n<li><a>...<\/a><\/li>\n\n\n\n<li><a href='?page_no=36999'>36999<\/a><\/li>\n\n\n\n<li><a href='?page_no=37000'>37000<\/a><\/li>\n\n    \n\t\n\n<li >\n\t<a href='?page_no=14632'>Next<\/a>\n\t<\/li>\n\n\n    \n\n<li><a href='?page_no=37000'>Last &rsaquo;&rsaquo;<\/a><\/li>\n\n<\/ul>\n\n\n--><br \/>\n<\/body><\/p>\n","protected":false},"excerpt":{"rendered":"<p>Por Manuel Jim\u00e9nez Quienes han observado el comportamiento de nuestros legisladores despu\u00e9s de las observaciones del Presidente Medina a la ley que declar\u00f3 Loma Miranda Parque Nacional, tendr\u00e1n que concluir que estamos frente a un acto de gran irresponsabilidad que debe llevarnos a una profunda reflexi\u00f3n. De manera alegre nuestro Congreso Nacional vot\u00f3 casi a [&hellip;]<\/p>\n","protected":false},"author":3,"featured_media":0,"comment_status":"open","ping_status":"open","sticky":false,"template":"","format":"standard","meta":{"footnotes":""},"categories":[22],"tags":[],"class_list":["post-162202","post","type-post","status-publish","format-standard","hentry","category-politica"],"_links":{"self":[{"href":"https:\/\/diariodominicano.com\/index.php?rest_route=\/wp\/v2\/posts\/162202","targetHints":{"allow":["GET"]}}],"collection":[{"href":"https:\/\/diariodominicano.com\/index.php?rest_route=\/wp\/v2\/posts"}],"about":[{"href":"https:\/\/diariodominicano.com\/index.php?rest_route=\/wp\/v2\/types\/post"}],"author":[{"embeddable":true,"href":"https:\/\/diariodominicano.com\/index.php?rest_route=\/wp\/v2\/users\/3"}],"replies":[{"embeddable":true,"href":"https:\/\/diariodominicano.com\/index.php?rest_route=%2Fwp%2Fv2%2Fcomments&post=162202"}],"version-history":[{"count":0,"href":"https:\/\/diariodominicano.com\/index.php?rest_route=\/wp\/v2\/posts\/162202\/revisions"}],"wp:attachment":[{"href":"https:\/\/diariodominicano.com\/index.php?rest_route=%2Fwp%2Fv2%2Fmedia&parent=162202"}],"wp:term":[{"taxonomy":"category","embeddable":true,"href":"https:\/\/diariodominicano.com\/index.php?rest_route=%2Fwp%2Fv2%2Fcategories&post=162202"},{"taxonomy":"post_tag","embeddable":true,"href":"https:\/\/diariodominicano.com\/index.php?rest_route=%2Fwp%2Fv2%2Ftags&post=162202"}],"curies":[{"name":"wp","href":"https:\/\/api.w.org\/{rel}","templated":true}]}}