{"id":162201,"date":"2014-09-08T18:40:35","date_gmt":"2014-09-08T18:40:35","guid":{"rendered":"http:\/\/diariodominicano.ddns.net\/?p=162201"},"modified":"2014-09-08T18:40:35","modified_gmt":"2014-09-08T18:40:35","slug":"local-del-pld-en-el-sdo-a-disposicion-de-las-y-los-peledeistas-y-de-las-comunidades","status":"publish","type":"post","link":"https:\/\/diariodominicano.com\/?p=162201","title":{"rendered":"&#13;&#13;Local del PLD en el SDO a disposici\u00f3n de las y los peledeistas y de las comunidades"},"content":{"rendered":"<p><body><\/p>\n<p><img decoding=\"async\" src=\"img3\/local.jpg\" \/>  <\/p>\n<\/p>\n<p><span class=\"text1noticias\"> <\/span><\/p>\n<p><span class=\"text1noticias\">Santo Domingo, RD, 8 de septiembre.- El Partido de la Liberaci\u00f3n Dominicana (PLD)  inaugur\u00f3 el pasado fin de semana el local de esa organizaci\u00f3n en el Municipio Santo Domingo Oeste, lugar en donde operar\u00e1 el Comit\u00e9 Municipal, pero que est\u00e1 disponible para los comit\u00e9s intermedios y para las comunidades.<\/span><\/p>\n<p><span class=\"text1noticias\"> <\/span><\/p>\n<p><span class=\"text1noticias\">Para dejar en funcionamiento la casa peledeista en el Santo Domingo Oeste se realiz\u00f3 un acto encabezado por Manuel Rivas, Presidente del Comit\u00e9 Municipal y los miembros del Comit\u00e9 Central del municipio, entre otros dirigentes.<\/span><\/p>\n<p><span class=\"text1noticias\"> <\/span><\/p>\n<p><span class=\"text1noticias\">Rivas pronunci\u00f3 un discurso mediante el cual  puso a disposici\u00f3n el nuevo recinto  para cualquier actividad en beneficio de las comunidades  que le circundan e hizo la moci\u00f3n para que en lo inmediato,   el inmueble se utilice en el   programa \u00abQuisqueya Aprende Contigo\u00bb, `propuesta aprobada. <\/span><\/p>\n<p><span class=\"text1noticias\"> <\/span><\/p>\n<p><span class=\"text1noticias\">Llam\u00f3 a darle buen  uso al local, cuidarlo, preservarlo  y para  cada uno de los miembros lo vean   c\u00f3mo segunda casa;  un espacio para reflexionar y llevar a la pr\u00e1ctica  las ideas progresistas y democr\u00e1ticas del Prof. Juan Bosch, precisada en la teor\u00eda boschista que el PLD suscribe.<\/span><\/p>\n<p><span class=\"text1noticias\"> <\/span><\/p>\n<p><span class=\"text1noticias\">A la actividad de inauguraci\u00f3n asistieron dirigentes de la organizaci\u00f3n, funcionarios, legisladores  diputados, regidores y  una nutrida comisi\u00f3n de la Juventud Pelede\u00edsta del municipio.<\/span><\/p>\n<p><span class=\"text1noticias\"> <\/span><\/p>\n<p><span class=\"text1noticias\">El propio presidente del comit\u00e9 municipal, Manuel Rivas, estuvo a la cabeza del  equipo  compuesto por  Mayi Pe\u00f1a, Pedro Mess\u00f3n, Argenis Contreras, Duany G\u00f3mez, que se encarg\u00f3 de remodelar el espacio, presentando un dise\u00f1o atractivo en donde se exhiben los colores y s\u00edmbolos del PLD.<\/span><\/p>\n<p><span class=\"text1noticias\"> <\/span><\/p>\n<p><span class=\"text1noticias\">El local est\u00e1 ubicado en la prolongaci\u00f3n 27 de Febrero, casi esquina Av. Las Palmas, en   Las Caobas, Santo Domingo Oeste.<\/span><\/p>\n<h6> 2014-09-08 18:40:35 <\/h6>\n<p><!--\n<link rel=\"stylesheet\" href=\"css\/bootstrap.min.css\">\n\n\n<ul class=\"pagination\">\n\t    \n\t\n\n<li >\n\t<a href='?page_no=14629'>Previous<\/a>\n\t<\/li>\n\n\n       \n    \n\n<li><a href='?page_no=1'>1<\/a><\/li>\n\n\n\n<li><a href='?page_no=2'>2<\/a><\/li>\n\n\n\n<li><a>...<\/a><\/li>\n\n\n\n<li><a href='?page_no=14628'>14628<\/a><\/li>\n\n\n\n<li><a href='?page_no=14629'>14629<\/a><\/li>\n\n\n\n<li class='active'><a>14630<\/a><\/li>\n\n\n\n<li><a href='?page_no=14631'>14631<\/a><\/li>\n\n\n\n<li><a href='?page_no=14632'>14632<\/a><\/li>\n\n\n\n<li><a>...<\/a><\/li>\n\n\n\n<li><a href='?page_no=36999'>36999<\/a><\/li>\n\n\n\n<li><a href='?page_no=37000'>37000<\/a><\/li>\n\n    \n\t\n\n<li >\n\t<a href='?page_no=14631'>Next<\/a>\n\t<\/li>\n\n\n    \n\n<li><a href='?page_no=37000'>Last &rsaquo;&rsaquo;<\/a><\/li>\n\n<\/ul>\n\n\n--><br \/>\n<\/body><\/p>\n","protected":false},"excerpt":{"rendered":"<p>Santo Domingo, RD, 8 de septiembre.- El Partido de la Liberaci\u00f3n Dominicana (PLD) inaugur\u00f3 el pasado fin de semana el local de esa organizaci\u00f3n en el Municipio Santo Domingo Oeste, lugar en donde operar\u00e1 el Comit\u00e9 Municipal, pero que est\u00e1 disponible para los comit\u00e9s intermedios y para las comunidades. Para dejar en funcionamiento la casa [&hellip;]<\/p>\n","protected":false},"author":3,"featured_media":0,"comment_status":"open","ping_status":"open","sticky":false,"template":"","format":"standard","meta":{"footnotes":""},"categories":[22],"tags":[],"class_list":["post-162201","post","type-post","status-publish","format-standard","hentry","category-politica"],"_links":{"self":[{"href":"https:\/\/diariodominicano.com\/index.php?rest_route=\/wp\/v2\/posts\/162201","targetHints":{"allow":["GET"]}}],"collection":[{"href":"https:\/\/diariodominicano.com\/index.php?rest_route=\/wp\/v2\/posts"}],"about":[{"href":"https:\/\/diariodominicano.com\/index.php?rest_route=\/wp\/v2\/types\/post"}],"author":[{"embeddable":true,"href":"https:\/\/diariodominicano.com\/index.php?rest_route=\/wp\/v2\/users\/3"}],"replies":[{"embeddable":true,"href":"https:\/\/diariodominicano.com\/index.php?rest_route=%2Fwp%2Fv2%2Fcomments&post=162201"}],"version-history":[{"count":0,"href":"https:\/\/diariodominicano.com\/index.php?rest_route=\/wp\/v2\/posts\/162201\/revisions"}],"wp:attachment":[{"href":"https:\/\/diariodominicano.com\/index.php?rest_route=%2Fwp%2Fv2%2Fmedia&parent=162201"}],"wp:term":[{"taxonomy":"category","embeddable":true,"href":"https:\/\/diariodominicano.com\/index.php?rest_route=%2Fwp%2Fv2%2Fcategories&post=162201"},{"taxonomy":"post_tag","embeddable":true,"href":"https:\/\/diariodominicano.com\/index.php?rest_route=%2Fwp%2Fv2%2Ftags&post=162201"}],"curies":[{"name":"wp","href":"https:\/\/api.w.org\/{rel}","templated":true}]}}