{"id":162198,"date":"2014-09-08T19:29:01","date_gmt":"2014-09-08T19:29:01","guid":{"rendered":"http:\/\/diariodominicano.ddns.net\/?p=162198"},"modified":"2014-09-08T19:29:01","modified_gmt":"2014-09-08T19:29:01","slug":"en-medio-de-gran-respaldo-montas-apertura-su-comando-en-campana-en-san-francisco","status":"publish","type":"post","link":"https:\/\/diariodominicano.com\/?p=162198","title":{"rendered":"&#13;&#13;&#13;En medio de gran respaldo, Mont\u00e1s apertura su Comando en Campa\u00f1a en San Francisco"},"content":{"rendered":"<p><body><\/p>\n<p><img decoding=\"async\" src=\"img3\/montahabla.jpg\" \/><br \/><img decoding=\"async\" src=\"img3\/montasrecibe.jpg\" \/>  <\/p>\n<\/p>\n<p><span class=\"text1noticias\">San Francisco de Macor\u00eds, RD, 8 de septiembre.-El precandidato presidencial del Partido de la Liberaci\u00f3n Dominicana (PLD), ingeniero Tem\u00edstocles Mont\u00e1s, inaugur\u00f3 su comando de campa\u00f1a en esta ciudad al grito de que la Rep\u00fablica Dominicana tiene que pasar de garantizar las libertades p\u00fablicas a hacer posible que todos los dominicanos disfruten de alimentaci\u00f3n, empleo y salario digno.<\/span><\/p>\n<\/p>\n<p><span class=\"text1noticias\">\u00abLa Rep\u00fablica Dominicana goza de libertad. Pero libertad con cartera vac\u00eda, no es libertad. Los dominicanos, adem\u00e1s de tener libertades p\u00fablicas, necesitan vivir con dignidad, necesitan disponer de una cartera con dinero para suplir sus necesidades familiares\u00bb, afirm\u00f3 el dirigente del Comit\u00e9 Pol\u00edtico del PLD durante el acto celebrado la noche del domingo.<\/span><\/p>\n<\/p>\n<p><span class=\"text1noticias\">Hablando ante cientos de dirigentes pelede\u00edstas y autoridades locales que desafiaron un torrencial aguacero, Mont\u00e1s dijo que busca la candidatura presidencial del PLD para las elecciones de 2016 porque representa la continuidad del gobierno bueno de Danilo Medina para \u00abgarantizar el derecho al empleo, salario digno para todos los que trabajan y alimentaci\u00f3n para todos los dominicanos como una responsabilidad fundamental del Estado\u00bb.<\/span><\/p>\n<\/p>\n<p><span class=\"text1noticias\">\u00abHar\u00e9 un gobierno preocupado por garantizar las tres comidas calientes para los dominicanos como reclamaba el profesor Juan Bosch en el a\u00f1o 1962 y nosotros no olvidamos las lecciones pol\u00edticas de nuestro maestro, gu\u00eda e inspirador de toda nuestra acci\u00f3n pol\u00edtica\u00bb, manifest\u00f3 el dirigente pol\u00edtico.<\/span><\/p>\n<\/p>\n<p><span class=\"text1noticias\">Mont\u00e1s encabez\u00f3 la inauguraci\u00f3n de su Comando de Campa\u00f1a, ubicado en la intersecci\u00f3n de las calles Castillo con Padre Brea en medio de un torrencial aguacero, pese a lo cual la actividad cont\u00f3 con una buena presencia de p\u00fablico.<\/span><\/p>\n<\/p>\n<p><span class=\"text1noticias\">El aspirante a la nominaci\u00f3n presidencial pelesde\u00edsta estuvo acompa\u00f1ado de los se\u00f1ores Luis Paula, quien tuvo a su cargo las palabras de bienvenida; Rafael Arc\u00e1ngel, coordinador provincial; Eugenio Vargas y Luis Valdez, ambos ejecutivos de TELENOR, Canal 14. <\/span><\/p>\n<\/p>\n<p><span class=\"text1noticias\">Tras finalizar el acto, Mont\u00e1s recibi\u00f3 un reconocimiento por parte del director de la escuela de arte Criolla Tropical, Lic. Roberto Hern\u00e1ndez, quien agradeci\u00f3 el apoyo dado por el aspirante presidencial al arte y la cultura en esta ciudad del nordeste del pa\u00eds.<\/span><\/p>\n<\/p>\n<p><span class=\"text1noticias\">Mont\u00e1s se\u00f1al\u00f3 que busca la Presidencia de la Rep\u00fablica porque se ha preparado para gobernar a este pa\u00eds \u00abguiado por principios democr\u00e1ticos, escuchando a la poblaci\u00f3n y rindiendo cuentas en lo relativo a aportar soluciones a los problemas de salud, educaci\u00f3n de calidad, seguridad social, de manera que podamos construir un sistema de protecci\u00f3n social\u00bb.<\/span><\/p>\n<\/p>\n<p><span class=\"text1noticias\">\u00abEn esta nueva etapa de la democracia tenemos que garantizar que este sea un pa\u00eds de leyes, que sea una Estado de derecho. Eso no es posible si aceptamos la idea de que existen caudillos. Aquello de que ?Horacio o que entre el mar? se acab\u00f3 en Rep\u00fablica Dominicana. No permitiremos que en el PLD se entronice un caudillo, un mes\u00edas, porque hunde al partido y destruye las libertades y la soberan\u00eda del pa\u00eds\u00bb, puntualiz\u00f3 Mont\u00e1s arrancando aplausos de los asistentes.<\/span><\/p>\n<\/p>\n<p><span class=\"text1noticias\">Prometi\u00f3 que el PLD escoger\u00e1 un nuevo candidato para que represente con dignidad la democracia, el relevo y la alternabilidad en el ejercicio del poder como proclamaba y practicaba el profesor Bosch.<\/span><\/p>\n<h6> 2014-09-08 19:29:01 <\/h6>\n<p><!--\n<link rel=\"stylesheet\" href=\"css\/bootstrap.min.css\">\n\n\n<ul class=\"pagination\">\n\t    \n\t\n\n<li >\n\t<a href='?page_no=14627'>Previous<\/a>\n\t<\/li>\n\n\n       \n    \n\n<li><a href='?page_no=1'>1<\/a><\/li>\n\n\n\n<li><a href='?page_no=2'>2<\/a><\/li>\n\n\n\n<li><a>...<\/a><\/li>\n\n\n\n<li><a href='?page_no=14626'>14626<\/a><\/li>\n\n\n\n<li><a href='?page_no=14627'>14627<\/a><\/li>\n\n\n\n<li class='active'><a>14628<\/a><\/li>\n\n\n\n<li><a href='?page_no=14629'>14629<\/a><\/li>\n\n\n\n<li><a href='?page_no=14630'>14630<\/a><\/li>\n\n\n\n<li><a>...<\/a><\/li>\n\n\n\n<li><a href='?page_no=36999'>36999<\/a><\/li>\n\n\n\n<li><a href='?page_no=37000'>37000<\/a><\/li>\n\n    \n\t\n\n<li >\n\t<a href='?page_no=14629'>Next<\/a>\n\t<\/li>\n\n\n    \n\n<li><a href='?page_no=37000'>Last &rsaquo;&rsaquo;<\/a><\/li>\n\n<\/ul>\n\n\n--><br \/>\n<\/body><\/p>\n","protected":false},"excerpt":{"rendered":"<p>San Francisco de Macor\u00eds, RD, 8 de septiembre.-El precandidato presidencial del Partido de la Liberaci\u00f3n Dominicana (PLD), ingeniero Tem\u00edstocles Mont\u00e1s, inaugur\u00f3 su comando de campa\u00f1a en esta ciudad al grito de que la Rep\u00fablica Dominicana tiene que pasar de garantizar las libertades p\u00fablicas a hacer posible que todos los dominicanos disfruten de alimentaci\u00f3n, empleo y [&hellip;]<\/p>\n","protected":false},"author":3,"featured_media":0,"comment_status":"open","ping_status":"open","sticky":false,"template":"","format":"standard","meta":{"footnotes":""},"categories":[22],"tags":[],"class_list":["post-162198","post","type-post","status-publish","format-standard","hentry","category-politica"],"_links":{"self":[{"href":"https:\/\/diariodominicano.com\/index.php?rest_route=\/wp\/v2\/posts\/162198","targetHints":{"allow":["GET"]}}],"collection":[{"href":"https:\/\/diariodominicano.com\/index.php?rest_route=\/wp\/v2\/posts"}],"about":[{"href":"https:\/\/diariodominicano.com\/index.php?rest_route=\/wp\/v2\/types\/post"}],"author":[{"embeddable":true,"href":"https:\/\/diariodominicano.com\/index.php?rest_route=\/wp\/v2\/users\/3"}],"replies":[{"embeddable":true,"href":"https:\/\/diariodominicano.com\/index.php?rest_route=%2Fwp%2Fv2%2Fcomments&post=162198"}],"version-history":[{"count":0,"href":"https:\/\/diariodominicano.com\/index.php?rest_route=\/wp\/v2\/posts\/162198\/revisions"}],"wp:attachment":[{"href":"https:\/\/diariodominicano.com\/index.php?rest_route=%2Fwp%2Fv2%2Fmedia&parent=162198"}],"wp:term":[{"taxonomy":"category","embeddable":true,"href":"https:\/\/diariodominicano.com\/index.php?rest_route=%2Fwp%2Fv2%2Fcategories&post=162198"},{"taxonomy":"post_tag","embeddable":true,"href":"https:\/\/diariodominicano.com\/index.php?rest_route=%2Fwp%2Fv2%2Ftags&post=162198"}],"curies":[{"name":"wp","href":"https:\/\/api.w.org\/{rel}","templated":true}]}}