{"id":162197,"date":"2014-09-08T20:06:36","date_gmt":"2014-09-08T20:06:36","guid":{"rendered":"http:\/\/diariodominicano.ddns.net\/?p=162197"},"modified":"2014-09-08T20:06:36","modified_gmt":"2014-09-08T20:06:36","slug":"reinaldo-dice-sera-candidato-presidencial-por-el-pld","status":"publish","type":"post","link":"https:\/\/diariodominicano.com\/?p=162197","title":{"rendered":"&#13;&#13;Reinaldo dice ser\u00e1 candidato presidencial por el PLD"},"content":{"rendered":"<p><body><\/p>\n<p><img decoding=\"async\" src=\"http:\/\/localhost:8080\/img3\/REINALDO.JPG\" \/>  <\/p>\n<\/p>\n<\/p>\n<p><span class=\"text1noticias\">Nueva York, EEUU, 8 de septiembre.- A casa llena; los asistentes a la expectativa; el maestro de ceremonias al micr\u00f3fono; de repente, su grave voz anunciando: con nosotros, Reinaldo Pared P\u00e9rez. El p\u00fablico se levanta y aplaude. V\u00edctor Acosta, coordinador del evento, proclama: \u00abEl pueblo tiene que darle la oportunidad a un producto nuevo, fabricado 100% con los ingredientes boschista\u00bb. El auditorio se estremece; los presentes se ponen de pies; por fin, Reinaldo va al p\u00f3dium; sus ojos brillan; hace una pausa, y con voz firme y segura pronuncia: \u00abCon la ayuda de Dios y la voluntad de mis compa\u00f1eros de partido, ser\u00e9 el pr\u00f3ximo candidato del PLD en el 2016\u00bb.<\/span><\/p>\n<\/p>\n<p><span class=\"text1noticias\">Este fue el cuadro de la participaci\u00f3n del pre candidato presidencial Reinaldo Pared P\u00e9rez, quien est\u00e1 recorriendo los Estados Unidos en gira pol\u00edtica que persigue llevar las buenas nuevas de su carrera hacia la presidencia de la rep\u00fablica, en la actividad que le fue preparada en Long Island, en el local de la Legi\u00f3n Americana de ese condado correspondiente a Nassau y Suffolk, Nueva York.<\/span><\/p>\n<\/p>\n<p><span class=\"text1noticias\">\u00abLeonel, cuando lleg\u00f3 a la presidencia en 1996, era un producto nuevo; Danilo, cuando inici\u00f3 su prodigiosa obra de gobierno, tambi\u00e9n fue un producto nuevo; y hoy, vengo a presentarme ante ustedes como el producto nuevo que ha de continuar llevando a la Rep\u00fablica Dominicana por los senderos del desarrollo y el progreso\u00bb, areng\u00f3 Reinaldo Pared P\u00e9rez, mientras los aplausos le interrump\u00edan una y otra vez durante su balanceado discurso.<\/span><\/p>\n<\/p>\n<p><span class=\"text1noticias\">Reynaldo Pared P\u00e9rez, ha sido un profesional y pol\u00edtico sumamente exitoso. Es Doctor en Derecho, graduado con honores en la Universidad Aut\u00f3noma de Santo Domingo, (UASD), en el a\u00f1o 1981. Recibi\u00f3 el premio J. Humberto Ducoudray por ser el estudiante m\u00e1s sobresaliente de su promoci\u00f3n.<\/span><\/p>\n<\/p>\n<p><span class=\"text1noticias\">Durante muchos a\u00f1os fue catedr\u00e1tico en la Carrera de Derecho, de la Universidad Aut\u00f3noma de Santo Domingo (UASD) y de la Universidad Tecnol\u00f3gica de Santiago (UTESA), impartiendo asignaturas relacionadas con el Derecho Civil, Derecho Comercial, Introducci\u00f3n al Derecho y Derecho Romano.<\/span><\/p>\n<\/p>\n<p><span class=\"text1noticias\">Ingres\u00f3 en el Partido de la Liberaci\u00f3n Dominicana (PLD) en 1975, inici\u00e1ndose como Circulista. Fue electo como Regidor en el Ayuntamiento del Distrito Nacional durante los per\u00edodos 1986-1990 y 1990-1994, llegando a ser vocero del Bloque de Regidores del PLD en este \u00faltimo per\u00edodo. En 1994 ingresa al Comit\u00e9 Central del PLD y desde el a\u00f1o 1999 forma parte del Comit\u00e9 Pol\u00edtico del Partido de la Liberaci\u00f3n Dominicana. Durante los per\u00edodos 1996-1998 y 1998-2002 fue diputado del Congreso Nacional por el PLD, llegando a ser el vocero del bloque de diputados de su partido. En el a\u00f1o 2001 es electo como Secretario General del PLD, siendo reelegido para dicho cargo en el a\u00f1o 2005, y en la actualidad sigue ocupando esas funciones.<\/span><\/p>\n<\/p>\n<p><span class=\"text1noticias\">En el a\u00f1o 2006 es electo Senador del Distrito Nacional por un per\u00edodo de 4 a\u00f1os. En las elecciones Congresuales y Municipales del a\u00f1o 2010, el Dr. Reinaldo Pared P\u00e9rez se presenta nuevamente como candidato a Senador del Distrito Nacional por el PLD y sus aliados, resultando ganador y reelecto como Senador por el Distrito, para el per\u00edodo 2010-2016, con m\u00e1s del cincuenta por ciento de los votos emitidos. En la actualidad, busca la postulaci\u00f3n presidencial por el Partido de la Liberaci\u00f3n Dominicana, el cual lleva m\u00e1s de diez a\u00f1os en la conducci\u00f3n del Estado, para el periodo 2016-2020.<\/span><\/p>\n<\/p>\n<p><span class=\"text1noticias\">Ocuparon la mesa directiva V\u00edctor Acosta, coordinador del evento; Alfonso Rodr\u00edguez, Rafael Reyes (Otto), y la doctora Claudia Rinc\u00f3n, en representaci\u00f3n del movimiento Futuro con Reinaldo (FUREI). Tambi\u00e9n se destacaron Rolando Cabral, vicepresidente estatal del PLD; as\u00ed como Lourdes Fern\u00e1ndez, reconocida activista comunitaria; tambi\u00e9n Elio Collado, dirigente en San Jos\u00e9 de las Matas; y los miembros de la familia Fern\u00e1ndez, quienes dijeron presente en este extraordinario evento.<\/span><\/p>\n<h6> 2014-09-08 20:06:36 <\/h6>\n<p><!--\n<link rel=\"stylesheet\" href=\"css\/bootstrap.min.css\">\n\n\n<ul class=\"pagination\">\n\t    \n\t\n\n<li >\n\t<a href='?page_no=14626'>Previous<\/a>\n\t<\/li>\n\n\n       \n    \n\n<li><a href='?page_no=1'>1<\/a><\/li>\n\n\n\n<li><a href='?page_no=2'>2<\/a><\/li>\n\n\n\n<li><a>...<\/a><\/li>\n\n\n\n<li><a href='?page_no=14625'>14625<\/a><\/li>\n\n\n\n<li><a href='?page_no=14626'>14626<\/a><\/li>\n\n\n\n<li class='active'><a>14627<\/a><\/li>\n\n\n\n<li><a href='?page_no=14628'>14628<\/a><\/li>\n\n\n\n<li><a href='?page_no=14629'>14629<\/a><\/li>\n\n\n\n<li><a>...<\/a><\/li>\n\n\n\n<li><a href='?page_no=36999'>36999<\/a><\/li>\n\n\n\n<li><a href='?page_no=37000'>37000<\/a><\/li>\n\n    \n\t\n\n<li >\n\t<a href='?page_no=14628'>Next<\/a>\n\t<\/li>\n\n\n    \n\n<li><a href='?page_no=37000'>Last &rsaquo;&rsaquo;<\/a><\/li>\n\n<\/ul>\n\n\n--><br \/>\n<\/body><\/p>\n","protected":false},"excerpt":{"rendered":"<p>Nueva York, EEUU, 8 de septiembre.- A casa llena; los asistentes a la expectativa; el maestro de ceremonias al micr\u00f3fono; de repente, su grave voz anunciando: con nosotros, Reinaldo Pared P\u00e9rez. El p\u00fablico se levanta y aplaude. V\u00edctor Acosta, coordinador del evento, proclama: \u00abEl pueblo tiene que darle la oportunidad a un producto nuevo, fabricado [&hellip;]<\/p>\n","protected":false},"author":3,"featured_media":0,"comment_status":"open","ping_status":"open","sticky":false,"template":"","format":"standard","meta":{"footnotes":""},"categories":[22],"tags":[],"class_list":["post-162197","post","type-post","status-publish","format-standard","hentry","category-politica"],"_links":{"self":[{"href":"https:\/\/diariodominicano.com\/index.php?rest_route=\/wp\/v2\/posts\/162197","targetHints":{"allow":["GET"]}}],"collection":[{"href":"https:\/\/diariodominicano.com\/index.php?rest_route=\/wp\/v2\/posts"}],"about":[{"href":"https:\/\/diariodominicano.com\/index.php?rest_route=\/wp\/v2\/types\/post"}],"author":[{"embeddable":true,"href":"https:\/\/diariodominicano.com\/index.php?rest_route=\/wp\/v2\/users\/3"}],"replies":[{"embeddable":true,"href":"https:\/\/diariodominicano.com\/index.php?rest_route=%2Fwp%2Fv2%2Fcomments&post=162197"}],"version-history":[{"count":0,"href":"https:\/\/diariodominicano.com\/index.php?rest_route=\/wp\/v2\/posts\/162197\/revisions"}],"wp:attachment":[{"href":"https:\/\/diariodominicano.com\/index.php?rest_route=%2Fwp%2Fv2%2Fmedia&parent=162197"}],"wp:term":[{"taxonomy":"category","embeddable":true,"href":"https:\/\/diariodominicano.com\/index.php?rest_route=%2Fwp%2Fv2%2Fcategories&post=162197"},{"taxonomy":"post_tag","embeddable":true,"href":"https:\/\/diariodominicano.com\/index.php?rest_route=%2Fwp%2Fv2%2Ftags&post=162197"}],"curies":[{"name":"wp","href":"https:\/\/api.w.org\/{rel}","templated":true}]}}