{"id":162196,"date":"2014-09-09T13:33:40","date_gmt":"2014-09-09T13:33:40","guid":{"rendered":"http:\/\/diariodominicano.ddns.net\/?p=162196"},"modified":"2014-09-09T13:33:40","modified_gmt":"2014-09-09T13:33:40","slug":"juventud-mayoritaria-anuncia-serie-de-protestas-contra-el-gobierno","status":"publish","type":"post","link":"https:\/\/diariodominicano.com\/?p=162196","title":{"rendered":"Juventud mayoritaria anuncia serie de protestas contra el gobierno"},"content":{"rendered":"<p><body><\/p>\n<p><img decoding=\"async\" src=\"img3\/juventud 9.jpg\" \/><br \/><img decoding=\"async\" src=\"img3\/juven 9.jpg\" \/>  <\/p>\n<p>Santo Domingo RD 9 septiembre.-La Juventud Revolucionaria Mayoritaria (JRM) celebr\u00f3 la Primera Reuni\u00f3n del Comit\u00e9 Ejecutivo Nacional, con el objetivo de revisar la conformaci\u00f3n de las estructuras a nivel nacional y analizar la linea de oposici\u00f3n que habr\u00e1 de llevarse a cabo durante los pr\u00f3ximos meses al gobierno peledeista. <\/p>\n<\/p>\n<p>En esa importante reuni\u00f3n nacional, la Juventud Revolucionaria Mayoritaria aprob\u00f3 importantes resoluciones que se tomaron en favor de nuestro medio ambiente y del pa\u00eds. Entre las mismas podemos destacar: el anunci\u00f3 de una serie de protestas, las cuales marcaran el inicio de lo que se denomin\u00f3 \u00abUn compromiso con la oposici\u00f3n al Gobierno\u00bb, el rechazo a la observaci\u00f3n que hizo el presidente Danilo Medina de la ley que busca convertir en Parque Nacional a Loma Miranda, el rechazo de que un tribunal ordenara archivar de manera definitiva el caso en el que se busca someter por desfalco, prevaricaci\u00f3n y abuso de confianza al ex ministro de Obras P\u00fablicas y Comunicaciones, Ing. V\u00edctor D\u00edaz R\u00faa; actividades de movilizaci\u00f3n a nivel nacional, iniciando con una protesta frente al Palacio Nacional en la cual se exigir\u00e1 que Loma Miranda sea Parque Nacional. <\/p>\n<\/p>\n<p>Este encuentro nacional fue realizado en el Instituto de Formaci\u00f3n Pol\u00edtica Dr. Jos\u00e9 Francisco Pe\u00f1a G\u00f3mez, y estuvo encabezado por los dirigentes de la Direcci\u00f3n Nacional Jean Luis Rodr\u00edguez, Presidente Nacional; Eduardo Pe\u00f1a Blanco, Secretario Nacional de Organizaci\u00f3n; Carolina Serrata M\u00e9ndez, 1era Vicepresidenta Nacional; Jheyson A. Garc\u00eda Castillo, Presidente en Funciones y los Secretarios Nacionales Marco Antonio Balderas, Gustavo Lara, Eddy Arango, Jos\u00e9 R. Gil, Alex Segura, Jos\u00e9 Julio G\u00f3mez, Eldaa Cantizano, Celeste Rivera, Eliana Ledesma, Grisel Sep\u00falveda, Angelo Ayala. <\/p>\n<\/p>\n<p>Adem\u00e1s los Regidores Alejandro N\u00fa\u00f1ez, Derlin Castillo, Adriano Rojas; los dirigentes del Distrito Nacional, Manuel N\u00fa\u00f1ez, Nilian Reynoso, Eliazar Reynoso, Jensi Acosta, Edward Campusano, Rey Romero Figuereo, Elin Encarnaci\u00f3n; Provincia Santo Domingo, Nikaury Monta\u00f1o, Moises Zorrilla; de Santo Domingo Este, Jorge Luis Jim\u00e9nez Pelaez, Erick Alberto G, Jos\u00e9 Valenzuela, Joel Jim\u00e9nez, Alexis Castro Cruz, Robinson Morillo, Edwin Santo Rodr\u00edguez, Branli Joaqu\u00edn Fern\u00e1ndez; de Santo Domingo Oeste, Indhira De Jes\u00fas; de Santo Domingo Norte, Juan Herrera Medina; de la Provincia San Cristobal, Jos\u00e9 Rafael Santana; de la Provincia San Jos\u00e9 de Ocoa, Jos\u00e9 Alberto Santana, Edwin S\u00e1nchez S\u00e1nchez; de la Provincia Azua, Sahiana Quezada Melo; de la Provincia Santiago de los Caballeros, Alan Estevez Medina; Wendy Beira, de la Provincia Monse\u00f1or Nouel, Atila B\u00e1ez, Jos\u00e9 Gabriel Sosa Cede\u00f1o, Sugeiry Alvarez, Jenses Fragoso, Marco Suero, Andrisleyda Garc\u00eda Collado; de la Provincia La Vega Celli Mart\u00ednez, Jos\u00e9 Luis Abreu; de la Provincia Duarte (San Francisco de Macoris), Marbolyn Rojas Silverio; de la Provincia La Romana, Katiuska Cornielle Reyes; de la Provincia Altagracia, Emmanuel Alvarez Cayetano.<\/p>\n<h6> 2014-09-09 13:33:40 <\/h6>\n<p><!--\n<link rel=\"stylesheet\" href=\"css\/bootstrap.min.css\">\n\n\n<ul class=\"pagination\">\n\t    \n\t\n\n<li >\n\t<a href='?page_no=14625'>Previous<\/a>\n\t<\/li>\n\n\n       \n    \n\n<li><a href='?page_no=1'>1<\/a><\/li>\n\n\n\n<li><a href='?page_no=2'>2<\/a><\/li>\n\n\n\n<li><a>...<\/a><\/li>\n\n\n\n<li><a href='?page_no=14624'>14624<\/a><\/li>\n\n\n\n<li><a href='?page_no=14625'>14625<\/a><\/li>\n\n\n\n<li class='active'><a>14626<\/a><\/li>\n\n\n\n<li><a href='?page_no=14627'>14627<\/a><\/li>\n\n\n\n<li><a href='?page_no=14628'>14628<\/a><\/li>\n\n\n\n<li><a>...<\/a><\/li>\n\n\n\n<li><a href='?page_no=36999'>36999<\/a><\/li>\n\n\n\n<li><a href='?page_no=37000'>37000<\/a><\/li>\n\n    \n\t\n\n<li >\n\t<a href='?page_no=14627'>Next<\/a>\n\t<\/li>\n\n\n    \n\n<li><a href='?page_no=37000'>Last &rsaquo;&rsaquo;<\/a><\/li>\n\n<\/ul>\n\n\n--><br \/>\n<\/body><\/p>\n","protected":false},"excerpt":{"rendered":"<p>Santo Domingo RD 9 septiembre.-La Juventud Revolucionaria Mayoritaria (JRM) celebr\u00f3 la Primera Reuni\u00f3n del Comit\u00e9 Ejecutivo Nacional, con el objetivo de revisar la conformaci\u00f3n de las estructuras a nivel nacional y analizar la linea de oposici\u00f3n que habr\u00e1 de llevarse a cabo durante los pr\u00f3ximos meses al gobierno peledeista. En esa importante reuni\u00f3n nacional, la [&hellip;]<\/p>\n","protected":false},"author":3,"featured_media":0,"comment_status":"open","ping_status":"open","sticky":false,"template":"","format":"standard","meta":{"footnotes":""},"categories":[22],"tags":[],"class_list":["post-162196","post","type-post","status-publish","format-standard","hentry","category-politica"],"_links":{"self":[{"href":"https:\/\/diariodominicano.com\/index.php?rest_route=\/wp\/v2\/posts\/162196","targetHints":{"allow":["GET"]}}],"collection":[{"href":"https:\/\/diariodominicano.com\/index.php?rest_route=\/wp\/v2\/posts"}],"about":[{"href":"https:\/\/diariodominicano.com\/index.php?rest_route=\/wp\/v2\/types\/post"}],"author":[{"embeddable":true,"href":"https:\/\/diariodominicano.com\/index.php?rest_route=\/wp\/v2\/users\/3"}],"replies":[{"embeddable":true,"href":"https:\/\/diariodominicano.com\/index.php?rest_route=%2Fwp%2Fv2%2Fcomments&post=162196"}],"version-history":[{"count":0,"href":"https:\/\/diariodominicano.com\/index.php?rest_route=\/wp\/v2\/posts\/162196\/revisions"}],"wp:attachment":[{"href":"https:\/\/diariodominicano.com\/index.php?rest_route=%2Fwp%2Fv2%2Fmedia&parent=162196"}],"wp:term":[{"taxonomy":"category","embeddable":true,"href":"https:\/\/diariodominicano.com\/index.php?rest_route=%2Fwp%2Fv2%2Fcategories&post=162196"},{"taxonomy":"post_tag","embeddable":true,"href":"https:\/\/diariodominicano.com\/index.php?rest_route=%2Fwp%2Fv2%2Ftags&post=162196"}],"curies":[{"name":"wp","href":"https:\/\/api.w.org\/{rel}","templated":true}]}}