{"id":162195,"date":"2014-09-09T15:43:41","date_gmt":"2014-09-09T15:43:41","guid":{"rendered":"http:\/\/diariodominicano.ddns.net\/?p=162195"},"modified":"2014-09-09T15:43:41","modified_gmt":"2014-09-09T15:43:41","slug":"sesion-de-este-martes-donde-se-conoceria-ley-partidos-fue-suspendida-por-ausencia-107-diputados","status":"publish","type":"post","link":"https:\/\/diariodominicano.com\/?p=162195","title":{"rendered":"&#13;Sesi\u00f3n de este Martes, donde se conocer\u00eda Ley Partidos, fue suspendida por ausencia 107 diputados"},"content":{"rendered":"<p><body><\/p>\n<p><img decoding=\"async\" src=\"img3\/diputados 9.jpg\" \/>  <\/p>\n<p>Santo Domingo RD 9 septiembre.- Por la ausencia de 107 diputados, la C\u00e1mara de Diputados suspendi\u00f3 la sesi\u00f3n programada para hoy, donde se conocer\u00eda el proyecto de Ley de Partidos y Agrupaciones Pol\u00edticas presentado por el diputado Rub\u00e9n Maldonado.<\/p>\n<\/p>\n<p>Esa iniciativa, fue entregada por una comisi\u00f3n del Comit\u00e9 Pol\u00edtico del Partido de la Liberaci\u00f3n (PLD), donde esta hace sus recomendaciones en torno a la pieza originalmente presentada por la Junta Central  Electoral y que estudia la comisi\u00f3n de Partidos Pol\u00edticos, que preside Henry Mer\u00e1n.<\/p>\n<\/p>\n<p>Seg\u00fan propone el PLD, los partidos deben seguir organizando sus elecciones primarias para escoger sus candidatos y elegir el tipo de padr\u00f3n que deseen. Adem\u00e1s se opone a las primarias  simult\u00e1neas, alegando que ya hubo en fallo en contra de esa propuesta por parte de la Suprema Corte de Justicia.<\/p>\n<\/p>\n<p>Aclara que las organizaciones podr\u00e1n pedirle a la Junta Central Electoral (JCE) que les organice esas elecciones si as\u00ed lo consideran, las cuales deben realizarse en el per\u00edodo determinado por la JCE para la pre  campa\u00f1a.<\/p>\n<\/p>\n<p>Las primarias simult\u00e1neas, el uso de un padr\u00f3n cerrado o abierto y la fecha en que deber\u00edan realizarse esos comicios forman parte de los puntos que ten\u00edan dividida a la dirigencia del PLD, lo que amerit\u00f3 que se nombrara una comisi\u00f3n para que estudiara el caso e hiciera recomendaciones.<\/p>\n<h6> 2014-09-09 15:43:41 <\/h6>\n<p><!--\n<link rel=\"stylesheet\" href=\"css\/bootstrap.min.css\">\n\n\n<ul class=\"pagination\">\n\t    \n\t\n\n<li >\n\t<a href='?page_no=14624'>Previous<\/a>\n\t<\/li>\n\n\n       \n    \n\n<li><a href='?page_no=1'>1<\/a><\/li>\n\n\n\n<li><a href='?page_no=2'>2<\/a><\/li>\n\n\n\n<li><a>...<\/a><\/li>\n\n\n\n<li><a href='?page_no=14623'>14623<\/a><\/li>\n\n\n\n<li><a href='?page_no=14624'>14624<\/a><\/li>\n\n\n\n<li class='active'><a>14625<\/a><\/li>\n\n\n\n<li><a href='?page_no=14626'>14626<\/a><\/li>\n\n\n\n<li><a href='?page_no=14627'>14627<\/a><\/li>\n\n\n\n<li><a>...<\/a><\/li>\n\n\n\n<li><a href='?page_no=36999'>36999<\/a><\/li>\n\n\n\n<li><a href='?page_no=37000'>37000<\/a><\/li>\n\n    \n\t\n\n<li >\n\t<a href='?page_no=14626'>Next<\/a>\n\t<\/li>\n\n\n    \n\n<li><a href='?page_no=37000'>Last &rsaquo;&rsaquo;<\/a><\/li>\n\n<\/ul>\n\n\n--><br \/>\n<\/body><\/p>\n","protected":false},"excerpt":{"rendered":"<p>Santo Domingo RD 9 septiembre.- Por la ausencia de 107 diputados, la C\u00e1mara de Diputados suspendi\u00f3 la sesi\u00f3n programada para hoy, donde se conocer\u00eda el proyecto de Ley de Partidos y Agrupaciones Pol\u00edticas presentado por el diputado Rub\u00e9n Maldonado. Esa iniciativa, fue entregada por una comisi\u00f3n del Comit\u00e9 Pol\u00edtico del Partido de la Liberaci\u00f3n (PLD), [&hellip;]<\/p>\n","protected":false},"author":3,"featured_media":0,"comment_status":"open","ping_status":"open","sticky":false,"template":"","format":"standard","meta":{"footnotes":""},"categories":[22],"tags":[],"class_list":["post-162195","post","type-post","status-publish","format-standard","hentry","category-politica"],"_links":{"self":[{"href":"https:\/\/diariodominicano.com\/index.php?rest_route=\/wp\/v2\/posts\/162195","targetHints":{"allow":["GET"]}}],"collection":[{"href":"https:\/\/diariodominicano.com\/index.php?rest_route=\/wp\/v2\/posts"}],"about":[{"href":"https:\/\/diariodominicano.com\/index.php?rest_route=\/wp\/v2\/types\/post"}],"author":[{"embeddable":true,"href":"https:\/\/diariodominicano.com\/index.php?rest_route=\/wp\/v2\/users\/3"}],"replies":[{"embeddable":true,"href":"https:\/\/diariodominicano.com\/index.php?rest_route=%2Fwp%2Fv2%2Fcomments&post=162195"}],"version-history":[{"count":0,"href":"https:\/\/diariodominicano.com\/index.php?rest_route=\/wp\/v2\/posts\/162195\/revisions"}],"wp:attachment":[{"href":"https:\/\/diariodominicano.com\/index.php?rest_route=%2Fwp%2Fv2%2Fmedia&parent=162195"}],"wp:term":[{"taxonomy":"category","embeddable":true,"href":"https:\/\/diariodominicano.com\/index.php?rest_route=%2Fwp%2Fv2%2Fcategories&post=162195"},{"taxonomy":"post_tag","embeddable":true,"href":"https:\/\/diariodominicano.com\/index.php?rest_route=%2Fwp%2Fv2%2Ftags&post=162195"}],"curies":[{"name":"wp","href":"https:\/\/api.w.org\/{rel}","templated":true}]}}