{"id":162193,"date":"2014-09-09T18:26:31","date_gmt":"2014-09-09T18:26:31","guid":{"rendered":"http:\/\/diariodominicano.ddns.net\/?p=162193"},"modified":"2014-09-09T18:26:31","modified_gmt":"2014-09-09T18:26:31","slug":"prsc-formaliza-ingreso-de-35-mil-nuevos-miembros-en-provincia-santo-domingo","status":"publish","type":"post","link":"https:\/\/diariodominicano.com\/?p=162193","title":{"rendered":"&#13;&#13;PRSC formaliza ingreso de 35 mil nuevos miembros en Provincia Santo Domingo"},"content":{"rendered":"<p><body><\/p>\n<p><img decoding=\"async\" src=\"img3\/antun.jpg\" \/>  <\/p>\n<p><span class=\"text1noticias\"> <\/span><\/p>\n<p><span class=\"text1noticias\"> <\/span><\/p>\n<p><span class=\"text1noticias\">Santo Domingo, RD, 9 de septiembre.- M\u00e1s de treinta y cinco mil ciudadanos de los diferentes municipios de la provincia Santo Domingo han formalizado su ingreso en el Partido Reformista Social Cristiano (PRSC), como parte del proceso de inscripci\u00f3n de nuevos militantes que lleva a cabo la entidad pol\u00edtica.<\/span><\/p>\n<\/p>\n<p><span class=\"text1noticias\"> As\u00ed lo inform\u00f3 el presidente del PRSC, ingeniero Federico Ant\u00fan Batlle (Quique), despu\u00e9s de recibir los documentos de inscripciones de los nuevos militantes, de quienes dijo pasan a formar parte de los subdirectorios de base de la organizaci\u00f3n pol\u00edtica en esa provincia.<\/span><\/p>\n<\/p>\n<p><span class=\"text1noticias\">El anuncio se hizo en el marco de un encuentro que reuni\u00f3 a cerca de dos  mil dirigentes y cuadros pol\u00edticos del Partido Reformista de esa demarcaci\u00f3n, en la sede principal de la avenida Tiradentes, donde estuvieron presentes los miembros de la comisi\u00f3n organizadora del PRSC en la provincia Santo Domingo, entre ellos Johnny Jones, Eddy Alc\u00e1ntara, y Omar de Marchena, miembros del Directorio Presidencial (DP), as\u00ed como Luis Emilio Reyes Ozuna (Cuchito), Silvana Suero, Iv\u00e1n Marte, Marino de la Cruz, Natividad Concepci\u00f3n, Valerio Bello, entre otros.<\/span><\/p>\n<\/p>\n<p><span class=\"text1noticias\">En el encuentro estuvieron presentes, adem\u00e1s, los dirigentes V\u00edctor ?Ito- Bison\u00f3, Milton Ginebra, Sergio Cede\u00f1o, Alfredo Gonz\u00e1lez, Jos\u00e9 Tatis Garc\u00eda, Sergia Elena de S\u00e9liman y otros.<\/span><\/p>\n<p><span class=\"text1noticias\"> <\/span><\/p>\n<p><span class=\"text1noticias\">Quique Ant\u00fan dej\u00f3 formalmente juramentado a los nuevos dirigentes medios y de base del reformismo en esa provincia.<\/span><\/p>\n<\/p>\n<p><span class=\"text1noticias\">El presidente del PRSC aprovech\u00f3 para felicitar a todos los reformistas de la provincia Santo Domingo por el extraordinario trabajo que est\u00e1n desarrollando, quienes con su esfuerzo y dedicaci\u00f3n \u00abhan logrado superar las metas trazadas para esta primera etapa de inscripci\u00f3n y conformaci\u00f3n de los directorios de base del PRSC\u00bb, resalt\u00f3 el presidente del PRSC en medio de fuertes aplausos\u00bb.<\/span><\/p>\n<\/p>\n<p><span class=\"text1noticias\">Ustedes, compatriotas -agreg\u00f3- representan el 25% de nuestra naci\u00f3n, hagan del reformismo el instrumento de liberaci\u00f3n de los males que les agobian porque es el \u00fanico partido que garantiza los espacios a la juventud y las mujeres para que seriamente se empoderen de nuestra organizaci\u00f3n y hagan las trasformaciones que hay que hacer para que haya una sociedad m\u00e1s justa para todos los dominicanos.<\/span><\/p>\n<\/p>\n<p><span class=\"text1noticias\">Resalt\u00f3 en medio de fuertes aplausos que el PRSC har\u00e1 sus propuestas y  los planteamientos que tenga que hacer para alcanzar el poder y ganar las elecciones del pr\u00f3ximo de mayo del 2016.<\/span><\/p>\n<\/p>\n<p><span class=\"text1noticias\">\u00abY ustedes est\u00e1n llamados a jugar roles protag\u00f3nicos, siempre luchando por lograr conquistas y m\u00e1s oportunidades para los moradores de cada uno de los sectores donde ustedes conviven\u00bb, apunt\u00f3.<\/span><\/p>\n<\/p>\n<p><span class=\"text1noticias\">Quique Ant\u00fan dijo finalmente que el Partido Reformista Social Cristiano est\u00e1 comprometido con procurar soluciones a los principales problemas que les afectan, \u00aby es por ello que estamos transformando y creando un nuevo PRSC para que vuelva la esperanza al pueblo dominicano\u00bb.<\/span><\/p>\n<\/p>\n<h6> 2014-09-09 18:26:31 <\/h6>\n<p><!--\n<link rel=\"stylesheet\" href=\"css\/bootstrap.min.css\">\n\n\n<ul class=\"pagination\">\n\t    \n\t\n\n<li >\n\t<a href='?page_no=14622'>Previous<\/a>\n\t<\/li>\n\n\n       \n    \n\n<li><a href='?page_no=1'>1<\/a><\/li>\n\n\n\n<li><a href='?page_no=2'>2<\/a><\/li>\n\n\n\n<li><a>...<\/a><\/li>\n\n\n\n<li><a href='?page_no=14621'>14621<\/a><\/li>\n\n\n\n<li><a href='?page_no=14622'>14622<\/a><\/li>\n\n\n\n<li class='active'><a>14623<\/a><\/li>\n\n\n\n<li><a href='?page_no=14624'>14624<\/a><\/li>\n\n\n\n<li><a href='?page_no=14625'>14625<\/a><\/li>\n\n\n\n<li><a>...<\/a><\/li>\n\n\n\n<li><a href='?page_no=36999'>36999<\/a><\/li>\n\n\n\n<li><a href='?page_no=37000'>37000<\/a><\/li>\n\n    \n\t\n\n<li >\n\t<a href='?page_no=14624'>Next<\/a>\n\t<\/li>\n\n\n    \n\n<li><a href='?page_no=37000'>Last &rsaquo;&rsaquo;<\/a><\/li>\n\n<\/ul>\n\n\n--><br \/>\n<\/body><\/p>\n","protected":false},"excerpt":{"rendered":"<p>Santo Domingo, RD, 9 de septiembre.- M\u00e1s de treinta y cinco mil ciudadanos de los diferentes municipios de la provincia Santo Domingo han formalizado su ingreso en el Partido Reformista Social Cristiano (PRSC), como parte del proceso de inscripci\u00f3n de nuevos militantes que lleva a cabo la entidad pol\u00edtica. As\u00ed lo inform\u00f3 el presidente del [&hellip;]<\/p>\n","protected":false},"author":3,"featured_media":0,"comment_status":"open","ping_status":"open","sticky":false,"template":"","format":"standard","meta":{"footnotes":""},"categories":[22],"tags":[],"class_list":["post-162193","post","type-post","status-publish","format-standard","hentry","category-politica"],"_links":{"self":[{"href":"https:\/\/diariodominicano.com\/index.php?rest_route=\/wp\/v2\/posts\/162193","targetHints":{"allow":["GET"]}}],"collection":[{"href":"https:\/\/diariodominicano.com\/index.php?rest_route=\/wp\/v2\/posts"}],"about":[{"href":"https:\/\/diariodominicano.com\/index.php?rest_route=\/wp\/v2\/types\/post"}],"author":[{"embeddable":true,"href":"https:\/\/diariodominicano.com\/index.php?rest_route=\/wp\/v2\/users\/3"}],"replies":[{"embeddable":true,"href":"https:\/\/diariodominicano.com\/index.php?rest_route=%2Fwp%2Fv2%2Fcomments&post=162193"}],"version-history":[{"count":0,"href":"https:\/\/diariodominicano.com\/index.php?rest_route=\/wp\/v2\/posts\/162193\/revisions"}],"wp:attachment":[{"href":"https:\/\/diariodominicano.com\/index.php?rest_route=%2Fwp%2Fv2%2Fmedia&parent=162193"}],"wp:term":[{"taxonomy":"category","embeddable":true,"href":"https:\/\/diariodominicano.com\/index.php?rest_route=%2Fwp%2Fv2%2Fcategories&post=162193"},{"taxonomy":"post_tag","embeddable":true,"href":"https:\/\/diariodominicano.com\/index.php?rest_route=%2Fwp%2Fv2%2Ftags&post=162193"}],"curies":[{"name":"wp","href":"https:\/\/api.w.org\/{rel}","templated":true}]}}