{"id":162192,"date":"2014-09-09T18:35:47","date_gmt":"2014-09-09T18:35:47","guid":{"rendered":"http:\/\/diariodominicano.ddns.net\/?p=162192"},"modified":"2014-09-09T18:35:47","modified_gmt":"2014-09-09T18:35:47","slug":"movimiento-vegano-se-suma-al-sector-externo-con-leonel","status":"publish","type":"post","link":"https:\/\/diariodominicano.com\/?p=162192","title":{"rendered":"&#13;&#13;Movimiento vegano se suma al Sector Externo con Leonel"},"content":{"rendered":"<p><body><\/p>\n<p><img decoding=\"async\" src=\"img3\/leonel.jpg\" \/>  <\/p>\n<\/p>\n<p><span class=\"text1noticias\">La Vega, RD, 9 de septiembre.- El Movimiento de Innovaci\u00f3n Nacional Cultivando Valores, integrado por centenares de ciudadanos de esta provincia, se sum\u00f3 al Sector Externo con Leonel (SEL) en un acto encabezado por el licenciado Luis Toral C\u00f3rdoba, coordinador nacional de la entidad que propugna por una candidatura del ex presidente Leonel Fern\u00e1ndez para las elecciones del 2016.<\/span><\/p>\n<\/p>\n<p><span class=\"text1noticias\">El Movimiento, presidido por el se\u00f1or Jos\u00e9 N\u00fa\u00f1ez, est\u00e1 conformado por veganos de diferentes edades y g\u00e9nero, que de acuerdo al dirigente tomaron la decisi\u00f3n de respaldar el retorno de Fern\u00e1ndez a la Presidencia de la Rep\u00fablica por entender que representa la garant\u00eda de la continuaci\u00f3n del progreso en el pa\u00eds.<\/span><\/p>\n<\/p>\n<p><span class=\"text1noticias\">Al pronunciar el discurso central del encuentro, Toral proclam\u00f3 que en el (SEL) caben todos los dominicanos de buena voluntad que aman el progreso que representa Fern\u00e1ndez, sin importar que provengan de los partidos Reformista Social Cristiano (PRSC), Revolucionario Dominicano (PRD), del PRI, de de cualquier organizaci\u00f3n partidaria.<\/span><\/p>\n<\/p>\n<p><span class=\"text1noticias\">\u00abEl denominador com\u00fan de todos los que participamos en el Sector Externo con Leonel es el inter\u00e9s en que nuestro pa\u00eds siga por el camino del desarrollo, que es lo que hemos visto en las diferentes administraciones del Presidente Fern\u00e1ndez, cuyas obras gubernativas han transformado el pa\u00eds\u00bb, indic\u00f3.<\/span><\/p>\n<\/p>\n<p><span class=\"text1noticias\">Toral, quien estuvo acompa\u00f1ado en el acto por su hijo, invit\u00f3 a todos los presentes a integrar a sus j\u00f3venes descendientes en la lucha para evitar que el retroceso y el desorden puedan retornar al poder, como ocurri\u00f3 en el cuatrienio 2000-2004, lo que significar\u00eda m\u00e1s pobreza y atraso para el pa\u00eds.<\/span><\/p>\n<\/p>\n<p><span class=\"text1noticias\">Junto al ex Gobernador del Banco Central de la Rep\u00fablica Dominicana viajaron a La Vega los  dirigente del SEL , licenciados Frank Garc\u00eda, Jos\u00e9 El\u00edas Cepeda, Elpidio Cepeda y Juan Carlos Vargas, organizadores de los actos de masas que realiza el movimiento por todo el pa\u00eds.<\/span><\/p>\n<\/p>\n<p><span class=\"text1noticias\">\u00abLes exhorto a unirse a Leonel Fern\u00e1ndez, defendiendo los mejores intereses del pueblo dominicano, para que abramos puertas y ventanas a la juventud, uniendo a nuestros hijos y a nuestros nietos para el \u00e9xito de Leonel Fern\u00e1ndez en el 2016, que es \u00e9xito de todo el pa\u00eds\u00bb, dijo Toral,  bajo prolongados aplausos del p\u00fablico presente.<\/span><\/p>\n<\/p>\n<h6> 2014-09-09 18:35:47 <\/h6>\n<p><!--\n<link rel=\"stylesheet\" href=\"css\/bootstrap.min.css\">\n\n\n<ul class=\"pagination\">\n\t    \n\t\n\n<li >\n\t<a href='?page_no=14621'>Previous<\/a>\n\t<\/li>\n\n\n       \n    \n\n<li><a href='?page_no=1'>1<\/a><\/li>\n\n\n\n<li><a href='?page_no=2'>2<\/a><\/li>\n\n\n\n<li><a>...<\/a><\/li>\n\n\n\n<li><a href='?page_no=14620'>14620<\/a><\/li>\n\n\n\n<li><a href='?page_no=14621'>14621<\/a><\/li>\n\n\n\n<li class='active'><a>14622<\/a><\/li>\n\n\n\n<li><a href='?page_no=14623'>14623<\/a><\/li>\n\n\n\n<li><a href='?page_no=14624'>14624<\/a><\/li>\n\n\n\n<li><a>...<\/a><\/li>\n\n\n\n<li><a href='?page_no=36999'>36999<\/a><\/li>\n\n\n\n<li><a href='?page_no=37000'>37000<\/a><\/li>\n\n    \n\t\n\n<li >\n\t<a href='?page_no=14623'>Next<\/a>\n\t<\/li>\n\n\n    \n\n<li><a href='?page_no=37000'>Last &rsaquo;&rsaquo;<\/a><\/li>\n\n<\/ul>\n\n\n--><br \/>\n<\/body><\/p>\n","protected":false},"excerpt":{"rendered":"<p>La Vega, RD, 9 de septiembre.- El Movimiento de Innovaci\u00f3n Nacional Cultivando Valores, integrado por centenares de ciudadanos de esta provincia, se sum\u00f3 al Sector Externo con Leonel (SEL) en un acto encabezado por el licenciado Luis Toral C\u00f3rdoba, coordinador nacional de la entidad que propugna por una candidatura del ex presidente Leonel Fern\u00e1ndez para [&hellip;]<\/p>\n","protected":false},"author":3,"featured_media":0,"comment_status":"open","ping_status":"open","sticky":false,"template":"","format":"standard","meta":{"footnotes":""},"categories":[22],"tags":[],"class_list":["post-162192","post","type-post","status-publish","format-standard","hentry","category-politica"],"_links":{"self":[{"href":"https:\/\/diariodominicano.com\/index.php?rest_route=\/wp\/v2\/posts\/162192","targetHints":{"allow":["GET"]}}],"collection":[{"href":"https:\/\/diariodominicano.com\/index.php?rest_route=\/wp\/v2\/posts"}],"about":[{"href":"https:\/\/diariodominicano.com\/index.php?rest_route=\/wp\/v2\/types\/post"}],"author":[{"embeddable":true,"href":"https:\/\/diariodominicano.com\/index.php?rest_route=\/wp\/v2\/users\/3"}],"replies":[{"embeddable":true,"href":"https:\/\/diariodominicano.com\/index.php?rest_route=%2Fwp%2Fv2%2Fcomments&post=162192"}],"version-history":[{"count":0,"href":"https:\/\/diariodominicano.com\/index.php?rest_route=\/wp\/v2\/posts\/162192\/revisions"}],"wp:attachment":[{"href":"https:\/\/diariodominicano.com\/index.php?rest_route=%2Fwp%2Fv2%2Fmedia&parent=162192"}],"wp:term":[{"taxonomy":"category","embeddable":true,"href":"https:\/\/diariodominicano.com\/index.php?rest_route=%2Fwp%2Fv2%2Fcategories&post=162192"},{"taxonomy":"post_tag","embeddable":true,"href":"https:\/\/diariodominicano.com\/index.php?rest_route=%2Fwp%2Fv2%2Ftags&post=162192"}],"curies":[{"name":"wp","href":"https:\/\/api.w.org\/{rel}","templated":true}]}}