{"id":162191,"date":"2014-09-09T19:37:21","date_gmt":"2014-09-09T19:37:21","guid":{"rendered":"http:\/\/diariodominicano.ddns.net\/?p=162191"},"modified":"2014-09-09T19:37:21","modified_gmt":"2014-09-09T19:37:21","slug":"prd-dice-rechazo-a-suspension-de-convencion-fortalece-autonomia-de-partidos","status":"publish","type":"post","link":"https:\/\/diariodominicano.com\/?p=162191","title":{"rendered":"&#13;&#13;PRD dice rechazo a suspensi\u00f3n de convenci\u00f3n fortalece autonom\u00eda de partidos"},"content":{"rendered":"<p><body><\/p>\n<p><img decoding=\"async\" src=\"img3\/salim.jpg\" \/>  <\/p>\n<p><span class=\"text1noticias\">     <\/span><\/p>\n<\/p>\n<p><span class=\"text1noticias\">Santo Domingo, RD, 9 de septiembre.- Los abogados de la barra de la defensa del Partido Revolucionario Dominicano (PRD) explicaron este martes que la decisi\u00f3n del Tribunal Superior Electoral (TSE) de rechazar la solicitud de impedir la Convenci\u00f3n Nacional de Delegados \u00abfortalece la autonom\u00eda de los partidos, y en consecuencia la democracia dominicana\u00bb.<\/span><\/p>\n<\/p>\n<p><span class=\"text1noticias\">Salim Ibarra,  director Legal del PRD, dijo que la proclamaci\u00f3n de Miguel Vargas, como presidente, de Junior Santos y An\u00edbal D\u00edaz Belliard, como secretarios general y de organizaci\u00f3n del partido, as\u00ed como de las otras autoridades elegidas en la Trig\u00e9sima Convenci\u00f3n Nacional Ordinaria Noel Suberv\u00ed Espinosa, asegura y fortalece la continuidad de la agenda institucional del partido.<\/span><\/p>\n<\/p>\n<p><span class=\"text1noticias\">El PRD  anunci\u00f3 para el pr\u00f3ximo  domingo su Convenci\u00f3n Nacional de Delegados para proclamar las direcciones nacional, municipales, de frentes de masas y de seccionales del exterior para el cuatrienio 2014-2018, electas en la pasada convenci\u00f3n<\/span><\/p>\n<\/p>\n<p><span class=\"text1noticias\">El acto de proclamaci\u00f3n se realizar\u00e1 en el pabell\u00f3n de Volibol del Centro Ol\u00edmpico Juan Pablo Duarte a partir de las 10: 00 de la ma\u00f1ana <\/span><\/p>\n<\/p>\n<h6> 2014-09-09 19:37:21 <\/h6>\n<p><!--\n<link rel=\"stylesheet\" href=\"css\/bootstrap.min.css\">\n\n\n<ul class=\"pagination\">\n\t    \n\t\n\n<li >\n\t<a href='?page_no=14620'>Previous<\/a>\n\t<\/li>\n\n\n       \n    \n\n<li><a href='?page_no=1'>1<\/a><\/li>\n\n\n\n<li><a href='?page_no=2'>2<\/a><\/li>\n\n\n\n<li><a>...<\/a><\/li>\n\n\n\n<li><a href='?page_no=14619'>14619<\/a><\/li>\n\n\n\n<li><a href='?page_no=14620'>14620<\/a><\/li>\n\n\n\n<li class='active'><a>14621<\/a><\/li>\n\n\n\n<li><a href='?page_no=14622'>14622<\/a><\/li>\n\n\n\n<li><a href='?page_no=14623'>14623<\/a><\/li>\n\n\n\n<li><a>...<\/a><\/li>\n\n\n\n<li><a href='?page_no=36999'>36999<\/a><\/li>\n\n\n\n<li><a href='?page_no=37000'>37000<\/a><\/li>\n\n    \n\t\n\n<li >\n\t<a href='?page_no=14622'>Next<\/a>\n\t<\/li>\n\n\n    \n\n<li><a href='?page_no=37000'>Last &rsaquo;&rsaquo;<\/a><\/li>\n\n<\/ul>\n\n\n--><br \/>\n<\/body><\/p>\n","protected":false},"excerpt":{"rendered":"<p>Santo Domingo, RD, 9 de septiembre.- Los abogados de la barra de la defensa del Partido Revolucionario Dominicano (PRD) explicaron este martes que la decisi\u00f3n del Tribunal Superior Electoral (TSE) de rechazar la solicitud de impedir la Convenci\u00f3n Nacional de Delegados \u00abfortalece la autonom\u00eda de los partidos, y en consecuencia la democracia dominicana\u00bb. Salim Ibarra, [&hellip;]<\/p>\n","protected":false},"author":3,"featured_media":0,"comment_status":"open","ping_status":"open","sticky":false,"template":"","format":"standard","meta":{"footnotes":""},"categories":[22],"tags":[],"class_list":["post-162191","post","type-post","status-publish","format-standard","hentry","category-politica"],"_links":{"self":[{"href":"https:\/\/diariodominicano.com\/index.php?rest_route=\/wp\/v2\/posts\/162191","targetHints":{"allow":["GET"]}}],"collection":[{"href":"https:\/\/diariodominicano.com\/index.php?rest_route=\/wp\/v2\/posts"}],"about":[{"href":"https:\/\/diariodominicano.com\/index.php?rest_route=\/wp\/v2\/types\/post"}],"author":[{"embeddable":true,"href":"https:\/\/diariodominicano.com\/index.php?rest_route=\/wp\/v2\/users\/3"}],"replies":[{"embeddable":true,"href":"https:\/\/diariodominicano.com\/index.php?rest_route=%2Fwp%2Fv2%2Fcomments&post=162191"}],"version-history":[{"count":0,"href":"https:\/\/diariodominicano.com\/index.php?rest_route=\/wp\/v2\/posts\/162191\/revisions"}],"wp:attachment":[{"href":"https:\/\/diariodominicano.com\/index.php?rest_route=%2Fwp%2Fv2%2Fmedia&parent=162191"}],"wp:term":[{"taxonomy":"category","embeddable":true,"href":"https:\/\/diariodominicano.com\/index.php?rest_route=%2Fwp%2Fv2%2Fcategories&post=162191"},{"taxonomy":"post_tag","embeddable":true,"href":"https:\/\/diariodominicano.com\/index.php?rest_route=%2Fwp%2Fv2%2Ftags&post=162191"}],"curies":[{"name":"wp","href":"https:\/\/api.w.org\/{rel}","templated":true}]}}