{"id":162190,"date":"2014-09-09T19:41:34","date_gmt":"2014-09-09T19:41:34","guid":{"rendered":"http:\/\/diariodominicano.ddns.net\/?p=162190"},"modified":"2014-09-09T19:41:34","modified_gmt":"2014-09-09T19:41:34","slug":"pal-juramenta-nuevos-militantes-y-dice-renunciaron-del-prd","status":"publish","type":"post","link":"https:\/\/diariodominicano.com\/?p=162190","title":{"rendered":"&#13;&#13;PAL juramenta nuevos militantes y dice renunciaron del PRD"},"content":{"rendered":"<p><body><\/p>\n<p><img decoding=\"async\" src=\"img3\/fotopal.jpg\" \/>  <\/p>\n<\/p>\n<p><span class=\"text1noticias\">Santo Domingo, RD, 9 de septiembre.- La presidenta del Partido de Acci\u00f3n Liberal (PAL), Maritza L\u00f3pez de Ortiz, jurament\u00f3 a un grupo de ex dirigentes perredeistas del municipio de Boca Chica, quienes pasaron a formar parte de la organizaci\u00f3n.<\/span><\/p>\n<\/p>\n<p><span class=\"text1noticias\">Al ser juramentados por L\u00f3pez de Ortiz, los m\u00e1s de 200 ex miembros perredeistas se comprometieron a trabajar sin descanso para que el Partido de Acci\u00f3n Liberal (PAL), siga trillando el camino del desarrollo y el crecimiento y contin\u00fae ocupando un sitial importante en el espectro pol\u00edtico nacional.<\/span><\/p>\n<\/p>\n<p><span class=\"text1noticias\">La actividad fue coordinada por el regidor Miguel P\u00e9rez, quien destac\u00f3 que tanto \u00e9l como los dem\u00e1s ex perredeistas no se arrepienten de abandonar su antiguo partido y pasar al PAL, ya que han observado la positiva trayectoria de esta entidad pol\u00edtica y su presidenta, Maritza L\u00f3pez de Ortiz.  <\/span><\/p>\n<\/p>\n<p><span class=\"text1noticias\">Adem\u00e1s de L\u00f3pez de Ortiz, quien tom\u00f3 el juramento a los nuevos miembros del PAL, el acto fue encabezado por los licenciados Anatalio Aquino Fulcar, Michelle Ortiz y Rafael Caminero, secretarios Nacional, de la Juventud y de Crecimiento del Partido de Acci\u00f3n Liberal, respectivamente. <\/span><\/p>\n<\/p>\n<p><span class=\"text1noticias\">Tambi\u00e9n estuvo presente el regidor de esta organizaci\u00f3n por el distrito municipal La Caleta, Cecilio Fern\u00e1ndez, entre otros.<\/span><\/p>\n<h6> 2014-09-09 19:41:34 <\/h6>\n<p><!--\n<link rel=\"stylesheet\" href=\"css\/bootstrap.min.css\">\n\n\n<ul class=\"pagination\">\n\t    \n\t\n\n<li >\n\t<a href='?page_no=14619'>Previous<\/a>\n\t<\/li>\n\n\n       \n    \n\n<li><a href='?page_no=1'>1<\/a><\/li>\n\n\n\n<li><a href='?page_no=2'>2<\/a><\/li>\n\n\n\n<li><a>...<\/a><\/li>\n\n\n\n<li><a href='?page_no=14618'>14618<\/a><\/li>\n\n\n\n<li><a href='?page_no=14619'>14619<\/a><\/li>\n\n\n\n<li class='active'><a>14620<\/a><\/li>\n\n\n\n<li><a href='?page_no=14621'>14621<\/a><\/li>\n\n\n\n<li><a href='?page_no=14622'>14622<\/a><\/li>\n\n\n\n<li><a>...<\/a><\/li>\n\n\n\n<li><a href='?page_no=36999'>36999<\/a><\/li>\n\n\n\n<li><a href='?page_no=37000'>37000<\/a><\/li>\n\n    \n\t\n\n<li >\n\t<a href='?page_no=14621'>Next<\/a>\n\t<\/li>\n\n\n    \n\n<li><a href='?page_no=37000'>Last &rsaquo;&rsaquo;<\/a><\/li>\n\n<\/ul>\n\n\n--><br \/>\n<\/body><\/p>\n","protected":false},"excerpt":{"rendered":"<p>Santo Domingo, RD, 9 de septiembre.- La presidenta del Partido de Acci\u00f3n Liberal (PAL), Maritza L\u00f3pez de Ortiz, jurament\u00f3 a un grupo de ex dirigentes perredeistas del municipio de Boca Chica, quienes pasaron a formar parte de la organizaci\u00f3n. Al ser juramentados por L\u00f3pez de Ortiz, los m\u00e1s de 200 ex miembros perredeistas se comprometieron [&hellip;]<\/p>\n","protected":false},"author":3,"featured_media":0,"comment_status":"open","ping_status":"open","sticky":false,"template":"","format":"standard","meta":{"footnotes":""},"categories":[22],"tags":[],"class_list":["post-162190","post","type-post","status-publish","format-standard","hentry","category-politica"],"_links":{"self":[{"href":"https:\/\/diariodominicano.com\/index.php?rest_route=\/wp\/v2\/posts\/162190","targetHints":{"allow":["GET"]}}],"collection":[{"href":"https:\/\/diariodominicano.com\/index.php?rest_route=\/wp\/v2\/posts"}],"about":[{"href":"https:\/\/diariodominicano.com\/index.php?rest_route=\/wp\/v2\/types\/post"}],"author":[{"embeddable":true,"href":"https:\/\/diariodominicano.com\/index.php?rest_route=\/wp\/v2\/users\/3"}],"replies":[{"embeddable":true,"href":"https:\/\/diariodominicano.com\/index.php?rest_route=%2Fwp%2Fv2%2Fcomments&post=162190"}],"version-history":[{"count":0,"href":"https:\/\/diariodominicano.com\/index.php?rest_route=\/wp\/v2\/posts\/162190\/revisions"}],"wp:attachment":[{"href":"https:\/\/diariodominicano.com\/index.php?rest_route=%2Fwp%2Fv2%2Fmedia&parent=162190"}],"wp:term":[{"taxonomy":"category","embeddable":true,"href":"https:\/\/diariodominicano.com\/index.php?rest_route=%2Fwp%2Fv2%2Fcategories&post=162190"},{"taxonomy":"post_tag","embeddable":true,"href":"https:\/\/diariodominicano.com\/index.php?rest_route=%2Fwp%2Fv2%2Ftags&post=162190"}],"curies":[{"name":"wp","href":"https:\/\/api.w.org\/{rel}","templated":true}]}}