{"id":162188,"date":"2014-09-09T20:15:34","date_gmt":"2014-09-09T20:15:34","guid":{"rendered":"http:\/\/diariodominicano.ddns.net\/?p=162188"},"modified":"2014-09-09T20:15:34","modified_gmt":"2014-09-09T20:15:34","slug":"dice-senadores-y-diputados-del-pld-pusieron-al-presidente-medina-entre-la-espada-y-la-pared-con-loma-miranda","status":"publish","type":"post","link":"https:\/\/diariodominicano.com\/?p=162188","title":{"rendered":"Dice Senadores y Diputados del PLD pusieron al presidente Medina entre la espada y la pared con Loma Miranda"},"content":{"rendered":"<p><body><\/p>\n<p><img decoding=\"async\" src=\"img3\/Sanchez.jpg\" \/>  <\/p>\n<p><span class=\"text1noticias\">Santo Domingo, RD, 9 de Septiembre.-El diputado Gustavo S\u00e1nchez responsabiliz\u00f3 a los legisladores del Partido de la Liberaci\u00f3n Dominicana (PLD) de poner al presidente Danilo Medina entre la espada y la pared con el proyecto de ley para convertir a Loma Miranda en parque nacional.<\/span><\/p>\n<p><span class=\"text1noticias\"> <\/span><\/p>\n<p><span class=\"text1noticias\">Consider\u00f3 que los bloques del  PLD debieron ser m\u00e1s conservadores al momento de votar a favor del proyecto de ley.<\/span><\/p>\n<p><span class=\"text1noticias\"> <\/span><\/p>\n<p><span class=\"text1noticias\">S\u00e1nchez tambi\u00e9n acus\u00f3 de culpable al Comit\u00e9 Central del PLD, y manifest\u00f3 que no se supo manejar el tema.<\/span><\/p>\n<p><span class=\"text1noticias\"> <\/span><\/p>\n<p><span class=\"text1noticias\">El diputado asegur\u00f3 que fue dif\u00edcil para el Presidente Danilo Medina tomar una decisi\u00f3n respecto a Loma Miranda, porque sacrificaba la popularidad del momento.<\/span><\/p>\n<p><span class=\"text1noticias\"> <\/span><\/p>\n<p><span class=\"text1noticias\">Al ser entrevistado por el periodista Salvador Holgu\u00edn en el programa Sin Cortapisa transmitido por Teleradio Am\u00e9rica canal 45, Gustavo S\u00e1nchez expres\u00f3 que bajo ninguna circunstancia estaba de acuerdo con la declaraci\u00f3n de Loma Miranda como parque nacional, apoy\u00e1ndose en que no se puede aprobar solo con el prop\u00f3sito de que no sea explotada.<\/span><\/p>\n<p><span class=\"text1noticias\"> <\/span><\/p>\n<p><span class=\"text1noticias\">S\u00e1nchez dijo que la intensi\u00f3n de explotar Loma Miranda debe ser un ejercicio profesional que pueda ver en qu\u00e9 medida afecta al medio ambiente.<\/span><\/p>\n<p><span class=\"text1noticias\"> <\/span><\/p>\n<p><span class=\"text1noticias\">Visitas al ex presidente Fern\u00e1ndez <\/span><\/p>\n<p><span class=\"text1noticias\"> <\/span><\/p>\n<p><span class=\"text1noticias\">Al responder a comentarios sobre visitas a Leonel Fern\u00e1ndez, Gustavo S\u00e1nchez confirm\u00f3 que se est\u00e1 reuniendo con el expresidente, pero sin dejar claro el prop\u00f3sito de dichas reuniones.<\/span><\/p>\n<p><span class=\"text1noticias\"> <\/span><\/p>\n<p><span class=\"text1noticias\">Puntualiz\u00f3 que Fern\u00e1ndez es el presidente de su partido, por lo que no deber\u00eda de resultar extra\u00f1o que lo frecuente. Expres\u00f3 que no le importa lo que puedan pensar de sus visitas porque asume sus decisiones con responsabilidad.<\/span><\/p>\n<p><span class=\"text1noticias\"> <\/span><\/p>\n<p><span class=\"text1noticias\">S\u00e1nchez dijo que si Leonel Fern\u00e1ndez se decide por la candidatura, no puede imaginarse una lucha entre el presidente del PLD y Reinaldo Pared, secretario general del mismo partido.  <\/span><\/p>\n<p><span class=\"text1noticias\"> <\/span><\/p>\n<p><span class=\"text1noticias\">Gustavo S\u00e1nchez expres\u00f3 que todo indica que Fern\u00e1ndez ser\u00e1 el pr\u00f3ximo candidato si no se modifica la constituci\u00f3n para producir una reelecci\u00f3n, con la cual no est\u00e1 de acuerdo.<\/span><\/p>\n<p><span class=\"text1noticias\"> <\/span><\/p>\n<p><span class=\"text1noticias\">S\u00e1nchez indic\u00f3 que las modificaciones deben ser aplaudida si son para el bienestar de la sociedad, por lo que dice que no se debe modificar la constituci\u00f3n solo por la reelecci\u00f3n.<\/span><\/p>\n<\/p>\n<p><strong><span class=\"text1noticias\">Ve factible que elecciones internas sean supervisadas y fiscalizadas por la JCE<\/span><\/strong><\/p>\n<p><span class=\"text1noticias\"> <\/span><\/p>\n<p><span class=\"text1noticias\">Gustavo S\u00e1nchez considera que en el proceso interno que deber\u00e1 realizar la organizaci\u00f3n para elegir los candidatos a cargos congresuales y municipales va a pesar mucho la valoraci\u00f3n que el pueblo tenga sobre los actuales ediles y congresistas, asi como de  los dirigentes partidarios.<\/span><\/p>\n<p><span class=\"text1noticias\"> <\/span><\/p>\n<p><span class=\"text1noticias\">S\u00e1nchez entiende que el Partido tiene que concentrarse en seleccionar los m\u00e1s valorados dirigentes  en cada provincia y municipio para que puedan sumarle al candidato presidencial que escoger\u00e1n los pelede\u00edstas en su proceso interno.<\/span><\/p>\n<p><span class=\"text1noticias\"> <\/span><\/p>\n<p><span class=\"text1noticias\">\u00abEstamos abocados a  hacer  todos los esfuerzos y ganar las elecciones en primera vuelta\u00bb, indic\u00f3.<\/span><\/p>\n<p><span class=\"text1noticias\"> <\/span><\/p>\n<p><span class=\"text1noticias\">Entiende que en los procesos internos que los partidos desarrollan, quienes dirigen son los propios dirigentes y que por tanto hay poca transparencia ya que no pueden ser jueces y partes.<\/span><\/p>\n<p><span class=\"text1noticias\"> <\/span><\/p>\n<p><span class=\"text1noticias\">\u00abEl Partido de la Liberaci\u00f3n Dominicana debe tener mucho cuidado con esos procesos internos donde las candidaturas principales como la de los diputados va a ser dirigida por personas que tienen intereses\u00bb, explic\u00f3 S\u00e1nchez advirtiendo sobre ese detalle a la direcci\u00f3n pol\u00edtica del PLD<\/span><\/p>\n<p><span class=\"text1noticias\"> <\/span><\/p>\n<p><span class=\"text1noticias\">Manifest\u00f3 que en tales casos, es partidario de que esos procesos internos cuenten con la supervisi\u00f3n  y fiscalizaci\u00f3n de la Junta Central Electoral.<\/span><\/p>\n<p><span class=\"text1noticias\"> <\/span><\/p>\n<p><span class=\"text1noticias\">Record\u00f3 que en el pr\u00f3ximo proceso el voto preferencial obligar\u00e1 a los candidatos a estar ligados a los electores en sus respetivas comunidades y deber\u00e1n trabajar junto a ellos.<\/span><\/p>\n<h6> 2014-09-09 20:15:34 <\/h6>\n<p><!--\n<link rel=\"stylesheet\" href=\"css\/bootstrap.min.css\">\n\n\n<ul class=\"pagination\">\n\t    \n\t\n\n<li >\n\t<a href='?page_no=14618'>Previous<\/a>\n\t<\/li>\n\n\n       \n    \n\n<li><a href='?page_no=1'>1<\/a><\/li>\n\n\n\n<li><a href='?page_no=2'>2<\/a><\/li>\n\n\n\n<li><a>...<\/a><\/li>\n\n\n\n<li><a href='?page_no=14617'>14617<\/a><\/li>\n\n\n\n<li><a href='?page_no=14618'>14618<\/a><\/li>\n\n\n\n<li class='active'><a>14619<\/a><\/li>\n\n\n\n<li><a href='?page_no=14620'>14620<\/a><\/li>\n\n\n\n<li><a href='?page_no=14621'>14621<\/a><\/li>\n\n\n\n<li><a>...<\/a><\/li>\n\n\n\n<li><a href='?page_no=36999'>36999<\/a><\/li>\n\n\n\n<li><a href='?page_no=37000'>37000<\/a><\/li>\n\n    \n\t\n\n<li >\n\t<a href='?page_no=14620'>Next<\/a>\n\t<\/li>\n\n\n    \n\n<li><a href='?page_no=37000'>Last &rsaquo;&rsaquo;<\/a><\/li>\n\n<\/ul>\n\n\n--><br \/>\n<\/body><\/p>\n","protected":false},"excerpt":{"rendered":"<p>Santo Domingo, RD, 9 de Septiembre.-El diputado Gustavo S\u00e1nchez responsabiliz\u00f3 a los legisladores del Partido de la Liberaci\u00f3n Dominicana (PLD) de poner al presidente Danilo Medina entre la espada y la pared con el proyecto de ley para convertir a Loma Miranda en parque nacional. Consider\u00f3 que los bloques del PLD debieron ser m\u00e1s conservadores [&hellip;]<\/p>\n","protected":false},"author":3,"featured_media":0,"comment_status":"open","ping_status":"open","sticky":false,"template":"","format":"standard","meta":{"footnotes":""},"categories":[22],"tags":[],"class_list":["post-162188","post","type-post","status-publish","format-standard","hentry","category-politica"],"_links":{"self":[{"href":"https:\/\/diariodominicano.com\/index.php?rest_route=\/wp\/v2\/posts\/162188","targetHints":{"allow":["GET"]}}],"collection":[{"href":"https:\/\/diariodominicano.com\/index.php?rest_route=\/wp\/v2\/posts"}],"about":[{"href":"https:\/\/diariodominicano.com\/index.php?rest_route=\/wp\/v2\/types\/post"}],"author":[{"embeddable":true,"href":"https:\/\/diariodominicano.com\/index.php?rest_route=\/wp\/v2\/users\/3"}],"replies":[{"embeddable":true,"href":"https:\/\/diariodominicano.com\/index.php?rest_route=%2Fwp%2Fv2%2Fcomments&post=162188"}],"version-history":[{"count":0,"href":"https:\/\/diariodominicano.com\/index.php?rest_route=\/wp\/v2\/posts\/162188\/revisions"}],"wp:attachment":[{"href":"https:\/\/diariodominicano.com\/index.php?rest_route=%2Fwp%2Fv2%2Fmedia&parent=162188"}],"wp:term":[{"taxonomy":"category","embeddable":true,"href":"https:\/\/diariodominicano.com\/index.php?rest_route=%2Fwp%2Fv2%2Fcategories&post=162188"},{"taxonomy":"post_tag","embeddable":true,"href":"https:\/\/diariodominicano.com\/index.php?rest_route=%2Fwp%2Fv2%2Ftags&post=162188"}],"curies":[{"name":"wp","href":"https:\/\/api.w.org\/{rel}","templated":true}]}}