{"id":162187,"date":"2014-09-09T21:01:35","date_gmt":"2014-09-09T21:01:35","guid":{"rendered":"http:\/\/diariodominicano.ddns.net\/?p=162187"},"modified":"2014-09-09T21:01:35","modified_gmt":"2014-09-09T21:01:35","slug":"tse-rechaza-solicitud-de-guido-gomez-mazara-de-suspender-proclamacion-ganadores-de-convencion-del-prd","status":"publish","type":"post","link":"https:\/\/diariodominicano.com\/?p=162187","title":{"rendered":"TSE rechaza solicitud de Guido G\u00f3mez Mazara de suspender proclamaci\u00f3n ganadores de convenci\u00f3n del PRD"},"content":{"rendered":"<p><body><\/p>\n<p><img decoding=\"async\" src=\"img3\/_JRS3543.JPG\" \/><br \/><img decoding=\"async\" src=\"img3\/_JRS3569 (1).JPG\" \/>  <\/p>\n<p><span class=\"text1noticias\">Santo Domingo, R. D., 9 de septiembre.- Con el voto un\u00e1nime de sus miembros el Tribunal Superior Electoral, (TSE) rechaz\u00f3 la solicitud de Guido G\u00f3mez Mazara de suspender la proclamaci\u00f3n de los ganadores de la Trig\u00e9sima Convenci\u00f3n Nacional Ordinaria No\u00e9 Suberv\u00ed Espinosa del Partido Revolucionario Dominicano, (PRD) celebrada el 20 de julio de este a\u00f1o.<\/span><\/p>\n<\/p>\n<p><span class=\"text1noticias\">G\u00f3mez Mazara interpuso un recurso por ante ese tribunal argumentando que hubo irregularidades en el proceso de votaciones para escoger a la dirigencia nacional del PRD.<\/span><\/p>\n<\/p>\n<p><span class=\"text1noticias\">Entre las pruebas presentadas por G\u00f3mez Mazara figuran actas levantadas en colegios electorales donde fueron suspendidas las votaciones.<\/span><\/p>\n<\/p>\n<p><span class=\"text1noticias\">En el punto tercero del fallo del Tribunal Superior Electoral, se\u00f1ala que la proclamaci\u00f3n de los candidatos ganadores \u00a8 no constituye un da\u00f1o irreparable, que no pudiese ser subsanado con la sentencia al fondo que dicte este Tribunal en el presente proceso\u00a8. <\/span><\/p>\n<\/p>\n<p><span class=\"text1noticias\">El tribunal dispone que  la Comisi\u00f3n Nacional Organizadora de la Trig\u00e9sima Convenci\u00f3n Nacional Ordinaria No\u00e9 Suberv\u00ed Espinosa del Partido Revolucionario Dominicano (PRD) y el Partido Revolucionario Dominicano (PRD), tienen que  depositar  en este Tribunal, v\u00eda secretar\u00eda, del padr\u00f3n de concurrentes a los centros y mesas de votaci\u00f3n a nivel nacional, en la Convenci\u00f3n celebrada en fecha 20 de julio de 2014. <\/span><\/p>\n<\/p>\n<p><span class=\"text1noticias\">La sentencia indica que el tribunal acoge parcialmente la solicitud de comunicaci\u00f3n forzosa de documentos planteados en la audiencia por G\u00f3mez Mazara y ordena a la Comisi\u00f3n del PRD depositar el padr\u00f3n.<\/span><\/p>\n<h6> 2014-09-09 21:01:35 <\/h6>\n<p><!--\n<link rel=\"stylesheet\" href=\"css\/bootstrap.min.css\">\n\n\n<ul class=\"pagination\">\n\t    \n\t\n\n<li >\n\t<a href='?page_no=14617'>Previous<\/a>\n\t<\/li>\n\n\n       \n    \n\n<li><a href='?page_no=1'>1<\/a><\/li>\n\n\n\n<li><a href='?page_no=2'>2<\/a><\/li>\n\n\n\n<li><a>...<\/a><\/li>\n\n\n\n<li><a href='?page_no=14616'>14616<\/a><\/li>\n\n\n\n<li><a href='?page_no=14617'>14617<\/a><\/li>\n\n\n\n<li class='active'><a>14618<\/a><\/li>\n\n\n\n<li><a href='?page_no=14619'>14619<\/a><\/li>\n\n\n\n<li><a href='?page_no=14620'>14620<\/a><\/li>\n\n\n\n<li><a>...<\/a><\/li>\n\n\n\n<li><a href='?page_no=36999'>36999<\/a><\/li>\n\n\n\n<li><a href='?page_no=37000'>37000<\/a><\/li>\n\n    \n\t\n\n<li >\n\t<a href='?page_no=14619'>Next<\/a>\n\t<\/li>\n\n\n    \n\n<li><a href='?page_no=37000'>Last &rsaquo;&rsaquo;<\/a><\/li>\n\n<\/ul>\n\n\n--><br \/>\n<\/body><\/p>\n","protected":false},"excerpt":{"rendered":"<p>Santo Domingo, R. D., 9 de septiembre.- Con el voto un\u00e1nime de sus miembros el Tribunal Superior Electoral, (TSE) rechaz\u00f3 la solicitud de Guido G\u00f3mez Mazara de suspender la proclamaci\u00f3n de los ganadores de la Trig\u00e9sima Convenci\u00f3n Nacional Ordinaria No\u00e9 Suberv\u00ed Espinosa del Partido Revolucionario Dominicano, (PRD) celebrada el 20 de julio de este a\u00f1o. [&hellip;]<\/p>\n","protected":false},"author":3,"featured_media":0,"comment_status":"open","ping_status":"open","sticky":false,"template":"","format":"standard","meta":{"footnotes":""},"categories":[22],"tags":[],"class_list":["post-162187","post","type-post","status-publish","format-standard","hentry","category-politica"],"_links":{"self":[{"href":"https:\/\/diariodominicano.com\/index.php?rest_route=\/wp\/v2\/posts\/162187","targetHints":{"allow":["GET"]}}],"collection":[{"href":"https:\/\/diariodominicano.com\/index.php?rest_route=\/wp\/v2\/posts"}],"about":[{"href":"https:\/\/diariodominicano.com\/index.php?rest_route=\/wp\/v2\/types\/post"}],"author":[{"embeddable":true,"href":"https:\/\/diariodominicano.com\/index.php?rest_route=\/wp\/v2\/users\/3"}],"replies":[{"embeddable":true,"href":"https:\/\/diariodominicano.com\/index.php?rest_route=%2Fwp%2Fv2%2Fcomments&post=162187"}],"version-history":[{"count":0,"href":"https:\/\/diariodominicano.com\/index.php?rest_route=\/wp\/v2\/posts\/162187\/revisions"}],"wp:attachment":[{"href":"https:\/\/diariodominicano.com\/index.php?rest_route=%2Fwp%2Fv2%2Fmedia&parent=162187"}],"wp:term":[{"taxonomy":"category","embeddable":true,"href":"https:\/\/diariodominicano.com\/index.php?rest_route=%2Fwp%2Fv2%2Fcategories&post=162187"},{"taxonomy":"post_tag","embeddable":true,"href":"https:\/\/diariodominicano.com\/index.php?rest_route=%2Fwp%2Fv2%2Ftags&post=162187"}],"curies":[{"name":"wp","href":"https:\/\/api.w.org\/{rel}","templated":true}]}}