{"id":162185,"date":"2014-09-10T13:55:13","date_gmt":"2014-09-10T13:55:13","guid":{"rendered":"http:\/\/diariodominicano.ddns.net\/?p=162185"},"modified":"2014-09-10T13:55:13","modified_gmt":"2014-09-10T13:55:13","slug":"enrique-garcia-renuncia-del-prd-pero-dice-no-se-va-al-prm","status":"publish","type":"post","link":"https:\/\/diariodominicano.com\/?p=162185","title":{"rendered":"Enrique Garc\u00eda, renuncia del PRD, pero dice no se va al PRM"},"content":{"rendered":"<p><body><\/p>\n<p><img decoding=\"async\" src=\"img3\/garcia 10.jpg\" \/>  <\/p>\n<p>Santo Domingo.- El ex-presidente de la Comisi\u00f3n de Reforma a la Justicia, Enrique Garc\u00eda, anunci\u00f3 su renuncia del Partido Revolucionario Dominicano(PRD), pero dijo que no pasar\u00e1 a formar parte del Partido Revolucionario Moderno (PRM) porque es m\u00e1s de lo mismo.<\/p>\n<\/p>\n<p>Garc\u00eda se\u00f1al\u00f3 que una de las razones por la que abandona el PRD es que en este partido no hay forma de llegar al gobierno, puesto que no tiene vocaci\u00f3n de poder y est\u00e1 perdiendo la vocaci\u00f3n de oposici\u00f3n.<\/p>\n<\/p>\n<p>Manifest\u00f3 que las situaciones surgidas de la pasada convenci\u00f3n perrede\u00edsta mataron la poca esperanza que le quedaba en el PRD, y lo impulsaron a tomar la decisi\u00f3n de marcharse.<\/p>\n<\/p>\n<p>Enrique Garc\u00eda, quien fue Subsecretario General del PRD, expres\u00f3 que parte del fracaso de esta instituci\u00f3n pol\u00edtica es que no se ha puesto al tono con el tiempo.<\/p>\n<\/p>\n<p>Al conversar con el periodista Salvador Holgu\u00edn, en el programa Hilando Fino que se transmite de lunes a viernes de 8:00 a 9:00 AM por Teleradio Am\u00e9rica canal 45, Enrique Garc\u00eda asegur\u00f3 que seguir\u00e1 en la pol\u00edtica, pero que todav\u00eda no ha decidido en que bando, puesto que el panorama pol\u00edtico se muestra confuso.<\/p>\n<\/p>\n<p>Garc\u00eda indic\u00f3 que  hace pol\u00edtica por vocaci\u00f3n y que no descarta la posibilidad de sentarse con dirigentes de otros partidos, pero que por el momento se dedicara a los estudios y al trabajo.<\/p>\n<\/p>\n<p>El Sistema de Judicial<\/p>\n<\/p>\n<p>Al referirse al sistema de justicia, Enrique Garc\u00eda dijo que el pa\u00eds tiene a\u00f1os de atraso en materia judicial.<\/p>\n<p>Garc\u00eda, abogado de profesi\u00f3n, se\u00f1al\u00f3 que fue un error del  Presidente Danilo Medina eliminar la Comisi\u00f3n de Reforma a la Justicia, la cual hoy m\u00e1s que nunca tiene raz\u00f3n de ser.<\/p>\n<\/p>\n<p>Expres\u00f3 que la comisi\u00f3n era un ente de equilibrio entre las instituciones de justicia y que mediaba entre ellas, y asegur\u00f3 que estas funciones resolver\u00edan muchos problemas que existen en la actualidad en sistema judicial.  <\/p>\n<\/p>\n<p>El programa \u00abSin Cortapisa\u00bb, se transmite de lunes a viernes de 8 a 9 am por Teleradio Am\u00e9rica canal 45 y 12 de Telecable, para todos los Estados Unidos, Centroam\u00e9rica y Europa por Supercanal Caribe y en la web www.sincortapisa.com, www.dajabondigital.com, en youtube \/hilandofinotv<\/p>\n<h6> 2014-09-10 13:55:13 <\/h6>\n<p><!--\n<link rel=\"stylesheet\" href=\"css\/bootstrap.min.css\">\n\n\n<ul class=\"pagination\">\n\t    \n\t\n\n<li >\n\t<a href='?page_no=14615'>Previous<\/a>\n\t<\/li>\n\n\n       \n    \n\n<li><a href='?page_no=1'>1<\/a><\/li>\n\n\n\n<li><a href='?page_no=2'>2<\/a><\/li>\n\n\n\n<li><a>...<\/a><\/li>\n\n\n\n<li><a href='?page_no=14614'>14614<\/a><\/li>\n\n\n\n<li><a href='?page_no=14615'>14615<\/a><\/li>\n\n\n\n<li class='active'><a>14616<\/a><\/li>\n\n\n\n<li><a href='?page_no=14617'>14617<\/a><\/li>\n\n\n\n<li><a href='?page_no=14618'>14618<\/a><\/li>\n\n\n\n<li><a>...<\/a><\/li>\n\n\n\n<li><a href='?page_no=36999'>36999<\/a><\/li>\n\n\n\n<li><a href='?page_no=37000'>37000<\/a><\/li>\n\n    \n\t\n\n<li >\n\t<a href='?page_no=14617'>Next<\/a>\n\t<\/li>\n\n\n    \n\n<li><a href='?page_no=37000'>Last &rsaquo;&rsaquo;<\/a><\/li>\n\n<\/ul>\n\n\n--><br \/>\n<\/body><\/p>\n","protected":false},"excerpt":{"rendered":"<p>Santo Domingo.- El ex-presidente de la Comisi\u00f3n de Reforma a la Justicia, Enrique Garc\u00eda, anunci\u00f3 su renuncia del Partido Revolucionario Dominicano(PRD), pero dijo que no pasar\u00e1 a formar parte del Partido Revolucionario Moderno (PRM) porque es m\u00e1s de lo mismo. Garc\u00eda se\u00f1al\u00f3 que una de las razones por la que abandona el PRD es que [&hellip;]<\/p>\n","protected":false},"author":3,"featured_media":0,"comment_status":"open","ping_status":"open","sticky":false,"template":"","format":"standard","meta":{"footnotes":""},"categories":[22],"tags":[],"class_list":["post-162185","post","type-post","status-publish","format-standard","hentry","category-politica"],"_links":{"self":[{"href":"https:\/\/diariodominicano.com\/index.php?rest_route=\/wp\/v2\/posts\/162185","targetHints":{"allow":["GET"]}}],"collection":[{"href":"https:\/\/diariodominicano.com\/index.php?rest_route=\/wp\/v2\/posts"}],"about":[{"href":"https:\/\/diariodominicano.com\/index.php?rest_route=\/wp\/v2\/types\/post"}],"author":[{"embeddable":true,"href":"https:\/\/diariodominicano.com\/index.php?rest_route=\/wp\/v2\/users\/3"}],"replies":[{"embeddable":true,"href":"https:\/\/diariodominicano.com\/index.php?rest_route=%2Fwp%2Fv2%2Fcomments&post=162185"}],"version-history":[{"count":0,"href":"https:\/\/diariodominicano.com\/index.php?rest_route=\/wp\/v2\/posts\/162185\/revisions"}],"wp:attachment":[{"href":"https:\/\/diariodominicano.com\/index.php?rest_route=%2Fwp%2Fv2%2Fmedia&parent=162185"}],"wp:term":[{"taxonomy":"category","embeddable":true,"href":"https:\/\/diariodominicano.com\/index.php?rest_route=%2Fwp%2Fv2%2Fcategories&post=162185"},{"taxonomy":"post_tag","embeddable":true,"href":"https:\/\/diariodominicano.com\/index.php?rest_route=%2Fwp%2Fv2%2Ftags&post=162185"}],"curies":[{"name":"wp","href":"https:\/\/api.w.org\/{rel}","templated":true}]}}