{"id":162184,"date":"2014-09-10T14:12:21","date_gmt":"2014-09-10T14:12:21","guid":{"rendered":"http:\/\/diariodominicano.ddns.net\/?p=162184"},"modified":"2014-09-10T14:12:21","modified_gmt":"2014-09-10T14:12:21","slug":"la-convergencia-convoca-a-caravana-y-protestas-en-rd-inicia-hoy","status":"publish","type":"post","link":"https:\/\/diariodominicano.com\/?p=162184","title":{"rendered":"La Convergencia convoca a caravana y protestas en RD; inicia hoy"},"content":{"rendered":"<p><body><\/p>\n<p><img decoding=\"async\" src=\"img3\/conver 10.php.html\" \/>  <\/p>\n<p>Santo Domingo, RD 10 septiembre.- Los partidos y organizaciones sociales que conforman el movimiento pol\u00edtico \u00abLa Convergencia por un Mejor Pa\u00eds\u00bb  llamaron a la ciudadan\u00eda a unirse a la jornada de movilizaciones del \u00abd\u00eda verde\u00bb a celebrarse este mir\u00e9rcoles en la capital y todo el pa\u00eds en protesta por el veto del Poder Ejecutivo a la ley que convertir\u00eda a loma Miranda en Parque Nacional.<\/p>\n<\/p>\n<p>En la capital, partiendo de la explanada frontal del Congreso Nacional en la rotonda del Centro de los H\u00e9roes de Constanza, Maim\u00f3n y Estero Hondo, a las 4 de la tarde, militantes de la Convergencia recorrer\u00e1n en sus veh\u00edculos en direcci\u00f3n oeste a este, por la Avenida Independencia, para llegar al Palacio Nacional de la intercepci\u00f3n Avenida M\u00e9xico, pasando por el Parque Independencia.<\/p>\n<\/p>\n<p>Hecmilio Galv\u00e1n, hablando en nombre de las entidades, expres\u00f3 que \u00abla estocada del presidente Danilo Medina y del oficialista Partido de la Liberaci\u00f3n Dominicana (PLD) al clamor e inter\u00e9s nacional es inaceptable\u00bb.<\/p>\n<\/p>\n<p>Sentenci\u00f3 que \u00abtanto el &#8216;Mi\u00e9rcoles Verde&#8217;, como una serie de manifestaciones que efectuaremos frente a las gobernaciones provinciales del pa\u00eds, son solo una muestra de las acciones que llevaremos a efecto acompa\u00f1ando al movimiento social hasta conquistar la conversi\u00f3n de loma Miranda en Parque Nacional\u00bb.<\/p>\n<\/p>\n<p>Esta semana se realizar\u00e1n, adem\u00e1s, manifestaciones el mi\u00e9rcoles en Azua, San Pedro de Macor\u00eds, San Juan, Bonao, Puerto Plata y La Vega.<\/p>\n<\/p>\n<p>El jueves, la Convergencia convoca a apoyar las movilizaciones en San Francisco de Macor\u00eds y Moca, mientras que el viernes se expresar\u00e1n las provincias de Nagua y Santiago y el pr\u00f3ximo lunes activar\u00e1n en El Seibo y en otras localidades del pa\u00eds.<\/p>\n<\/p>\n<p>\u00abHacemos un llamado a la ciudadan\u00eda a movilizarse pac\u00edficamente hasta doblarle el pulso al Gobierno que ha traicionado al pueblo\u00bb, acot\u00f3 Hecmilio Galv\u00e1n, secretario general de La Multitud y coordinador nacional de La Convergencia.<\/p>\n<\/p>\n<p>Precis\u00f3, que \u00abla defensa de la ecolog\u00eda es parte del firme compromiso de los convergentes para preservar la naci\u00f3n en condiciones de equilibrio en materia medioambiental, en el contexto de las propuestas de desarrollo sostenible que planteamos a la poblaci\u00f3n\u00bb.<\/p>\n<p>Galv\u00e1n concluy\u00f3 exclamand \u00abno desmayaremos, la inspiraci\u00f3n de nuestra lucha se sostiene en la verdad, la raz\u00f3n cient\u00edfica, m\u00e1s que eso, el derecho a la vida, nuestro respeto por la democracia, por la sagrada voluntad de un pueblo que pide loma Miranda Parque Nacional\u00bb.<\/p>\n<p>El pronunciamiento se llev\u00f3 a cabo en rueda de prensa en el local del Frente Amplio (FA), con la participaci\u00f3n de representantes de los partidos Revolucionario Mayoritario (PRM), La Multitud, Humanista Dominicano (PHD), Frente Amplio (FA), Foro Renovador del PRD, Red de Acci\u00f3n Pol\u00edtica, Ciudadanos por la Democracia (CCD) y Dominicanos por el Orgullo Nacional (DON).EFE<\/p>\n<h6> 2014-09-10 14:12:21 <\/h6>\n<p><!--\n<link rel=\"stylesheet\" href=\"css\/bootstrap.min.css\">\n\n\n<ul class=\"pagination\">\n\t    \n\t\n\n<li >\n\t<a href='?page_no=14614'>Previous<\/a>\n\t<\/li>\n\n\n       \n    \n\n<li><a href='?page_no=1'>1<\/a><\/li>\n\n\n\n<li><a href='?page_no=2'>2<\/a><\/li>\n\n\n\n<li><a>...<\/a><\/li>\n\n\n\n<li><a href='?page_no=14613'>14613<\/a><\/li>\n\n\n\n<li><a href='?page_no=14614'>14614<\/a><\/li>\n\n\n\n<li class='active'><a>14615<\/a><\/li>\n\n\n\n<li><a href='?page_no=14616'>14616<\/a><\/li>\n\n\n\n<li><a href='?page_no=14617'>14617<\/a><\/li>\n\n\n\n<li><a>...<\/a><\/li>\n\n\n\n<li><a href='?page_no=36999'>36999<\/a><\/li>\n\n\n\n<li><a href='?page_no=37000'>37000<\/a><\/li>\n\n    \n\t\n\n<li >\n\t<a href='?page_no=14616'>Next<\/a>\n\t<\/li>\n\n\n    \n\n<li><a href='?page_no=37000'>Last &rsaquo;&rsaquo;<\/a><\/li>\n\n<\/ul>\n\n\n--><br \/>\n<\/body><\/p>\n","protected":false},"excerpt":{"rendered":"<p>Santo Domingo, RD 10 septiembre.- Los partidos y organizaciones sociales que conforman el movimiento pol\u00edtico \u00abLa Convergencia por un Mejor Pa\u00eds\u00bb llamaron a la ciudadan\u00eda a unirse a la jornada de movilizaciones del \u00abd\u00eda verde\u00bb a celebrarse este mir\u00e9rcoles en la capital y todo el pa\u00eds en protesta por el veto del Poder Ejecutivo a [&hellip;]<\/p>\n","protected":false},"author":3,"featured_media":0,"comment_status":"open","ping_status":"open","sticky":false,"template":"","format":"standard","meta":{"footnotes":""},"categories":[22],"tags":[],"class_list":["post-162184","post","type-post","status-publish","format-standard","hentry","category-politica"],"_links":{"self":[{"href":"https:\/\/diariodominicano.com\/index.php?rest_route=\/wp\/v2\/posts\/162184","targetHints":{"allow":["GET"]}}],"collection":[{"href":"https:\/\/diariodominicano.com\/index.php?rest_route=\/wp\/v2\/posts"}],"about":[{"href":"https:\/\/diariodominicano.com\/index.php?rest_route=\/wp\/v2\/types\/post"}],"author":[{"embeddable":true,"href":"https:\/\/diariodominicano.com\/index.php?rest_route=\/wp\/v2\/users\/3"}],"replies":[{"embeddable":true,"href":"https:\/\/diariodominicano.com\/index.php?rest_route=%2Fwp%2Fv2%2Fcomments&post=162184"}],"version-history":[{"count":0,"href":"https:\/\/diariodominicano.com\/index.php?rest_route=\/wp\/v2\/posts\/162184\/revisions"}],"wp:attachment":[{"href":"https:\/\/diariodominicano.com\/index.php?rest_route=%2Fwp%2Fv2%2Fmedia&parent=162184"}],"wp:term":[{"taxonomy":"category","embeddable":true,"href":"https:\/\/diariodominicano.com\/index.php?rest_route=%2Fwp%2Fv2%2Fcategories&post=162184"},{"taxonomy":"post_tag","embeddable":true,"href":"https:\/\/diariodominicano.com\/index.php?rest_route=%2Fwp%2Fv2%2Ftags&post=162184"}],"curies":[{"name":"wp","href":"https:\/\/api.w.org\/{rel}","templated":true}]}}