{"id":162183,"date":"2014-09-10T14:16:46","date_gmt":"2014-09-10T14:16:46","guid":{"rendered":"http:\/\/diariodominicano.ddns.net\/?p=162183"},"modified":"2014-09-10T14:16:46","modified_gmt":"2014-09-10T14:16:46","slug":"prsc-informa-ingreso-de-35-mil-nuevos-miembros","status":"publish","type":"post","link":"https:\/\/diariodominicano.com\/?p=162183","title":{"rendered":"PRSC informa ingreso de \u00ab35 mil nuevos miembros\u00bb"},"content":{"rendered":"<p><body><\/p>\n<p><img decoding=\"async\" src=\"img3\/quique 10.php.html\" \/>  <\/p>\n<p>Santo Domingo RD 10 septiembre.- El PRSC ingres\u00f3 a sus filas al menos 35 mil ciudadanos de los diferentes municipios de la provincia Santo Domingo como parte del proceso de inscripci\u00f3n de nuevos militantes que lleva a cabo la entidad pol\u00edtica.<\/p>\n<\/p>\n<p>El presidente del PRSC, Federico Ant\u00fan Batlle (Quique), despu\u00e9s de recibir los documentos de inscripciones de los nuevos militantes, dijo que pasan a formar parte de los subdirectorios de base.<\/p>\n<\/p>\n<p>Los nuevos miembros fueron juramentados durante un encuentro que reuni\u00f3 a cerca de dos  mil dirigentes y cuadros pol\u00edticos del partido de esa demarcaci\u00f3n, en la sede principal de la avenida Tiradentes.<\/p>\n<\/p>\n<p>El Presidente del PRSC aprovech\u00f3 para felicitar a los reformistas de la provincia Santo Domingo por \u00abel extraordinario trabajo que est\u00e1n desarrollando, quienes con su esfuerzo y dedicaci\u00f3n han logrado superar las metas trazadas para esta primera etapa de inscripci\u00f3n y conformaci\u00f3n de los directorios de base del PRSC\u00bb.<\/p>\n<\/p>\n<p>\u00abUstedes, compatriotas -agreg\u00f3- representan el 25% de nuestra naci\u00f3n, hagan del reformismo el instrumento de liberaci\u00f3n de los males que les agobian porque es el \u00fanico partido que garantiza los espacios a la juventud y las mujeres para que seriamente se empoderen de nuestra organizaci\u00f3n y hagan las trasformaciones que hay que hacer para que haya una sociedad m\u00e1s justa para todos los dominicanos\u00bb, expuso Ant\u00fan Batlle.<\/p>\n<\/p>\n<p>En la actividad participaron Johnny Jones, Eddy Alc\u00e1ntara y Omar de Marchena, miembros del Directorio Presidencial as\u00ed como Luis Emilio Reyes Ozuna, Silvana Suero, Iv\u00e1n Marte, Marino de la Cruz, Natividad Concepci\u00f3n y Valerio Bello, entre otros.<\/p>\n<\/p>\n<p>Tambi\u00e9n asistieron los dirigentes V\u00edctor ?Ito- Bison\u00f3, Milton Ginebra, Sergio Cede\u00f1o, Alfredo Gonz\u00e1lez, Jos\u00e9 Tatis Garc\u00eda, Sergia Elena de S\u00e9liman y otros.<\/p>\n<h6> 2014-09-10 14:16:46 <\/h6>\n<p><!--\n<link rel=\"stylesheet\" href=\"css\/bootstrap.min.css\">\n\n\n<ul class=\"pagination\">\n\t    \n\t\n\n<li >\n\t<a href='?page_no=14613'>Previous<\/a>\n\t<\/li>\n\n\n       \n    \n\n<li><a href='?page_no=1'>1<\/a><\/li>\n\n\n\n<li><a href='?page_no=2'>2<\/a><\/li>\n\n\n\n<li><a>...<\/a><\/li>\n\n\n\n<li><a href='?page_no=14612'>14612<\/a><\/li>\n\n\n\n<li><a href='?page_no=14613'>14613<\/a><\/li>\n\n\n\n<li class='active'><a>14614<\/a><\/li>\n\n\n\n<li><a href='?page_no=14615'>14615<\/a><\/li>\n\n\n\n<li><a href='?page_no=14616'>14616<\/a><\/li>\n\n\n\n<li><a>...<\/a><\/li>\n\n\n\n<li><a href='?page_no=36999'>36999<\/a><\/li>\n\n\n\n<li><a href='?page_no=37000'>37000<\/a><\/li>\n\n    \n\t\n\n<li >\n\t<a href='?page_no=14615'>Next<\/a>\n\t<\/li>\n\n\n    \n\n<li><a href='?page_no=37000'>Last &rsaquo;&rsaquo;<\/a><\/li>\n\n<\/ul>\n\n\n--><br \/>\n<\/body><\/p>\n","protected":false},"excerpt":{"rendered":"<p>Santo Domingo RD 10 septiembre.- El PRSC ingres\u00f3 a sus filas al menos 35 mil ciudadanos de los diferentes municipios de la provincia Santo Domingo como parte del proceso de inscripci\u00f3n de nuevos militantes que lleva a cabo la entidad pol\u00edtica. El presidente del PRSC, Federico Ant\u00fan Batlle (Quique), despu\u00e9s de recibir los documentos de [&hellip;]<\/p>\n","protected":false},"author":3,"featured_media":0,"comment_status":"open","ping_status":"open","sticky":false,"template":"","format":"standard","meta":{"footnotes":""},"categories":[22],"tags":[],"class_list":["post-162183","post","type-post","status-publish","format-standard","hentry","category-politica"],"_links":{"self":[{"href":"https:\/\/diariodominicano.com\/index.php?rest_route=\/wp\/v2\/posts\/162183","targetHints":{"allow":["GET"]}}],"collection":[{"href":"https:\/\/diariodominicano.com\/index.php?rest_route=\/wp\/v2\/posts"}],"about":[{"href":"https:\/\/diariodominicano.com\/index.php?rest_route=\/wp\/v2\/types\/post"}],"author":[{"embeddable":true,"href":"https:\/\/diariodominicano.com\/index.php?rest_route=\/wp\/v2\/users\/3"}],"replies":[{"embeddable":true,"href":"https:\/\/diariodominicano.com\/index.php?rest_route=%2Fwp%2Fv2%2Fcomments&post=162183"}],"version-history":[{"count":0,"href":"https:\/\/diariodominicano.com\/index.php?rest_route=\/wp\/v2\/posts\/162183\/revisions"}],"wp:attachment":[{"href":"https:\/\/diariodominicano.com\/index.php?rest_route=%2Fwp%2Fv2%2Fmedia&parent=162183"}],"wp:term":[{"taxonomy":"category","embeddable":true,"href":"https:\/\/diariodominicano.com\/index.php?rest_route=%2Fwp%2Fv2%2Fcategories&post=162183"},{"taxonomy":"post_tag","embeddable":true,"href":"https:\/\/diariodominicano.com\/index.php?rest_route=%2Fwp%2Fv2%2Ftags&post=162183"}],"curies":[{"name":"wp","href":"https:\/\/api.w.org\/{rel}","templated":true}]}}