{"id":162182,"date":"2014-09-10T16:50:03","date_gmt":"2014-09-10T16:50:03","guid":{"rendered":"http:\/\/diariodominicano.ddns.net\/?p=162182"},"modified":"2014-09-10T16:50:03","modified_gmt":"2014-09-10T16:50:03","slug":"pld-se-reunira-este-jueves-con-sus-aliados-para-conocer-opinion-sobre-anteproyecto-de-ley-de-partidos","status":"publish","type":"post","link":"https:\/\/diariodominicano.com\/?p=162182","title":{"rendered":"PLD  se reunir\u00e1 este jueves con sus aliados para conocer opini\u00f3n sobre anteproyecto de Ley de Partidos&#13;"},"content":{"rendered":"<p><body><\/p>\n<p><img decoding=\"async\" src=\"img3\/partido 10.jpg\" \/><br \/><img decoding=\"async\" src=\"http:\/\/localhost:8080\/img3\/PLD 10.jpg\" \/>  <\/p>\n<p>Santo Domingo RD 10 septiembre.- El Partido de la Liberaci\u00f3n Dominicana (PLD) se reunir\u00e1 este jueves con los dirigentes de los partidos aliados a esa organizaci\u00f3n en el Bloque Progresista para socializar el  anteproyecto de Ley de partidos y agrupaciones pol\u00edticas.<\/p>\n<\/p>\n<p>Un despacho de la Secretar\u00eda de Comunicaciones del PLD confirma de la programaci\u00f3n del encuentro que se realizar\u00e1 en la Oficina Presidencial peledeista a las 4:00 de la tarde.<\/p>\n<\/p>\n<p>La semana pasada una comisi\u00f3n del Comit\u00e9 Pol\u00edtico coordinada por el ex vicepresidente de la Rep\u00fablica, Rafael Alburquerque, entreg\u00f3 a los congresistas peledeistas el anteproyecto que elaboraron y fue consensuado por el propio Comit\u00e9 Pol\u00edtico.<\/p>\n<\/p>\n<p>En el mismo acto de entrega del documento a las bancadas peledeistas se adelant\u00f3 de un encuentro con los partidos aliados en el Bloque Progresista para socializar ideas y puntos que ser\u00e1n sustentados por los legisladores del PLD al momento de que la legislaci\u00f3n se conozca en los hemiciclos.<\/p>\n<\/p>\n<p>El anteproyecto presentado se sustenta en los principios fundamentales de la libertad, la justicia, la solidaridad, el pluralismo, la equidad, la transparencia y el uso de los medios democr\u00e1ticos  para acceder a la direcci\u00f3n del Estado.<\/p>\n<\/p>\n<p>Promueve tambi\u00e9n el respeto a la Constituci\u00f3n y las leyes, defender la soberan\u00eda nacional, la democracia y la independencia de la Rep\u00fablica, as\u00ed como los derechos humanos y la paz ciudadana.<\/p>\n<\/p>\n<p>Desde la direcci\u00f3n pol\u00edtica del PLD se ha tramitado la invitaci\u00f3n formal a los dirigentes de los partidos aliados acompa\u00f1ada de una copia del anteproyecto que han conocido y manifestado  su inter\u00e9s de presentar una posici\u00f3n de consenso en el encuentro de este jueves.<\/p>\n<\/p>\n<p>Con anterioridad una gran parte de los dirigentes de las organizaciones del Bloque Progresista se han reunido, fijando posici\u00f3n sobre la pieza del Partido de la Liberaci\u00f3n Dominicana.<\/p>\n<\/p>\n<p>La   comisi\u00f3n del Comit\u00e9 Pol\u00edtico que adem\u00e1s de  Rafael Alburquerque, su coordinador, est\u00e1 integrada por  Reinaldo Pared P\u00e9rez, secretario general, Franklin Almeyda, Cesar Pina Toribio, Julio Cesar Valent\u00edn y Abel Mart\u00ednez, que hizo entrega de la posici\u00f3n oficial del PLD sobre la Ley de partidos, se reunir\u00e1 con los dirigentes de los partidos del Bloque Progresista<\/p>\n<\/p>\n<p>Adjunto: Alburquerque durante entrega anteproyecto Ley de Partidos en el Bloque de Diputados del PLD<\/p>\n<h6> 2014-09-10 16:50:03 <\/h6>\n<p><!--\n<link rel=\"stylesheet\" href=\"css\/bootstrap.min.css\">\n\n\n<ul class=\"pagination\">\n\t    \n\t\n\n<li >\n\t<a href='?page_no=14612'>Previous<\/a>\n\t<\/li>\n\n\n       \n    \n\n<li><a href='?page_no=1'>1<\/a><\/li>\n\n\n\n<li><a href='?page_no=2'>2<\/a><\/li>\n\n\n\n<li><a>...<\/a><\/li>\n\n\n\n<li><a href='?page_no=14611'>14611<\/a><\/li>\n\n\n\n<li><a href='?page_no=14612'>14612<\/a><\/li>\n\n\n\n<li class='active'><a>14613<\/a><\/li>\n\n\n\n<li><a href='?page_no=14614'>14614<\/a><\/li>\n\n\n\n<li><a href='?page_no=14615'>14615<\/a><\/li>\n\n\n\n<li><a>...<\/a><\/li>\n\n\n\n<li><a href='?page_no=36999'>36999<\/a><\/li>\n\n\n\n<li><a href='?page_no=37000'>37000<\/a><\/li>\n\n    \n\t\n\n<li >\n\t<a href='?page_no=14614'>Next<\/a>\n\t<\/li>\n\n\n    \n\n<li><a href='?page_no=37000'>Last &rsaquo;&rsaquo;<\/a><\/li>\n\n<\/ul>\n\n\n--><br \/>\n<\/body><\/p>\n","protected":false},"excerpt":{"rendered":"<p>Santo Domingo RD 10 septiembre.- El Partido de la Liberaci\u00f3n Dominicana (PLD) se reunir\u00e1 este jueves con los dirigentes de los partidos aliados a esa organizaci\u00f3n en el Bloque Progresista para socializar el anteproyecto de Ley de partidos y agrupaciones pol\u00edticas. Un despacho de la Secretar\u00eda de Comunicaciones del PLD confirma de la programaci\u00f3n del [&hellip;]<\/p>\n","protected":false},"author":3,"featured_media":0,"comment_status":"open","ping_status":"open","sticky":false,"template":"","format":"standard","meta":{"footnotes":""},"categories":[22],"tags":[],"class_list":["post-162182","post","type-post","status-publish","format-standard","hentry","category-politica"],"_links":{"self":[{"href":"https:\/\/diariodominicano.com\/index.php?rest_route=\/wp\/v2\/posts\/162182","targetHints":{"allow":["GET"]}}],"collection":[{"href":"https:\/\/diariodominicano.com\/index.php?rest_route=\/wp\/v2\/posts"}],"about":[{"href":"https:\/\/diariodominicano.com\/index.php?rest_route=\/wp\/v2\/types\/post"}],"author":[{"embeddable":true,"href":"https:\/\/diariodominicano.com\/index.php?rest_route=\/wp\/v2\/users\/3"}],"replies":[{"embeddable":true,"href":"https:\/\/diariodominicano.com\/index.php?rest_route=%2Fwp%2Fv2%2Fcomments&post=162182"}],"version-history":[{"count":0,"href":"https:\/\/diariodominicano.com\/index.php?rest_route=\/wp\/v2\/posts\/162182\/revisions"}],"wp:attachment":[{"href":"https:\/\/diariodominicano.com\/index.php?rest_route=%2Fwp%2Fv2%2Fmedia&parent=162182"}],"wp:term":[{"taxonomy":"category","embeddable":true,"href":"https:\/\/diariodominicano.com\/index.php?rest_route=%2Fwp%2Fv2%2Fcategories&post=162182"},{"taxonomy":"post_tag","embeddable":true,"href":"https:\/\/diariodominicano.com\/index.php?rest_route=%2Fwp%2Fv2%2Ftags&post=162182"}],"curies":[{"name":"wp","href":"https:\/\/api.w.org\/{rel}","templated":true}]}}