{"id":162180,"date":"2014-09-10T18:37:21","date_gmt":"2014-09-10T18:37:21","guid":{"rendered":"http:\/\/diariodominicano.ddns.net\/?p=162180"},"modified":"2014-09-10T18:37:21","modified_gmt":"2014-09-10T18:37:21","slug":"economia-de-hogares-pobres-no-resiste-que-se-postergue-mas-la-anunciada-rebaja-del-pollo-dicen-mujeres-pdi","status":"publish","type":"post","link":"https:\/\/diariodominicano.com\/?p=162180","title":{"rendered":"&#13;&#13;&#13;Econom\u00eda de hogares pobres no resiste que se postergue m\u00e1s la anunciada rebaja del pollo, dicen mujeres  PDI"},"content":{"rendered":"<p><body><\/p>\n<p><img decoding=\"async\" src=\"img3\/Yira.jpg\" \/>  <\/p>\n<\/p>\n<p><span class=\"text1noticias\">Santo Domingo, RD, 10 de septiembre.- A pesar de que los productores agr\u00edcolas aseguraron una pronta rebaja  en el precio de la carne de pollo, la misma sigue sin efectuarse, creando sinsabores familiares en la econom\u00eda popular que no admite que le proh\u00edban una de las pocas fuentes de prote\u00ednas baratas que todav\u00eda le quedaba.<\/span><\/p>\n<\/p>\n<p><span class=\"text1noticias\">En ese sentido se pronunci\u00f3 la  secretaria de la mujer del Partido Dem\u00f3crata Institucional,  PDI, Yira San\u00f3,  quien dijo hablar en<\/span><\/p>\n<p><span class=\"text1noticias\">representaci\u00f3n de todas las mujeres que comparten el criterio de que nadie le puede suprimir el derecho a comer carne de pollo a precio asequible.<\/span><\/p>\n<\/p>\n<p><span class=\"text1noticias\">La dirigente de las mujeres pedeistas solicit\u00f3 que se investigue hasta qu\u00e9 punto hay un componente especulativo en los actuales precios de dicha carne y hasta d\u00f3nde son verdad los alegatos de los productores para mantener esos precios inaccesibles, a fin de determinar las medidas a tomar para que la situaci\u00f3n se normalice en los niveles anteriores a la espiral alcista.<\/span><\/p>\n<\/p>\n<p><span class=\"text1noticias\">Yira San\u00f3 volvi\u00f3 a remarcar que la soluci\u00f3n no es la recomendada por el ministro de Industria y Comercio, Jos\u00e9 del Castillo Savi\u00f1\u00f3n, quien  sugiri\u00f3 reemplazar el consumo de pollo  por tayota, salami o pica-pica.<\/span><\/p>\n<\/p>\n<p><span class=\"text1noticias\"> \u00abEso es sacarle el cuerpo al problema, se trata de un comportamiento evasivo e irresponsable que deja todo tal como est\u00e1, en<\/span><\/p>\n<p><span class=\"text1noticias\">perjuicio de nosotras, las amas de casa??, dijo la m\u00e1s alta representante de las mujeres del PDI,<\/span><\/p>\n<\/p>\n<p><span class=\"text1noticias\">La encargada de los asuntos de la mujer en el PDI refiri\u00f3 que dar\u00e1n un  prudente compas de espera a las autoridades antes de encabezar acciones de protesta que presionen al gobierno a que cumpla con su funci\u00f3n de proteger la econom\u00eda dom\u00e9stica.<\/span><\/p>\n<\/p>\n<p><span class=\"text1noticias\">La secretaria del sector femenino del PDI dijo se trata de justificar la carest\u00eda del pollo con el alza del d\u00f3lar o el calor sin tomar en<\/span><\/p>\n<p><span class=\"text1noticias\">cuenta de que paralelamente han bajado algunos insumos como el ma\u00edz a nivel internacional.<\/span><\/p>\n<h6> 2014-09-10 18:37:21 <\/h6>\n<p><!--\n<link rel=\"stylesheet\" href=\"css\/bootstrap.min.css\">\n\n\n<ul class=\"pagination\">\n\t    \n\t\n\n<li >\n\t<a href='?page_no=14610'>Previous<\/a>\n\t<\/li>\n\n\n       \n    \n\n<li><a href='?page_no=1'>1<\/a><\/li>\n\n\n\n<li><a href='?page_no=2'>2<\/a><\/li>\n\n\n\n<li><a>...<\/a><\/li>\n\n\n\n<li><a href='?page_no=14609'>14609<\/a><\/li>\n\n\n\n<li><a href='?page_no=14610'>14610<\/a><\/li>\n\n\n\n<li class='active'><a>14611<\/a><\/li>\n\n\n\n<li><a href='?page_no=14612'>14612<\/a><\/li>\n\n\n\n<li><a href='?page_no=14613'>14613<\/a><\/li>\n\n\n\n<li><a>...<\/a><\/li>\n\n\n\n<li><a href='?page_no=36999'>36999<\/a><\/li>\n\n\n\n<li><a href='?page_no=37000'>37000<\/a><\/li>\n\n    \n\t\n\n<li >\n\t<a href='?page_no=14612'>Next<\/a>\n\t<\/li>\n\n\n    \n\n<li><a href='?page_no=37000'>Last &rsaquo;&rsaquo;<\/a><\/li>\n\n<\/ul>\n\n\n--><br \/>\n<\/body><\/p>\n","protected":false},"excerpt":{"rendered":"<p>Santo Domingo, RD, 10 de septiembre.- A pesar de que los productores agr\u00edcolas aseguraron una pronta rebaja en el precio de la carne de pollo, la misma sigue sin efectuarse, creando sinsabores familiares en la econom\u00eda popular que no admite que le proh\u00edban una de las pocas fuentes de prote\u00ednas baratas que todav\u00eda le quedaba. [&hellip;]<\/p>\n","protected":false},"author":3,"featured_media":0,"comment_status":"open","ping_status":"open","sticky":false,"template":"","format":"standard","meta":{"footnotes":""},"categories":[22],"tags":[],"class_list":["post-162180","post","type-post","status-publish","format-standard","hentry","category-politica"],"_links":{"self":[{"href":"https:\/\/diariodominicano.com\/index.php?rest_route=\/wp\/v2\/posts\/162180","targetHints":{"allow":["GET"]}}],"collection":[{"href":"https:\/\/diariodominicano.com\/index.php?rest_route=\/wp\/v2\/posts"}],"about":[{"href":"https:\/\/diariodominicano.com\/index.php?rest_route=\/wp\/v2\/types\/post"}],"author":[{"embeddable":true,"href":"https:\/\/diariodominicano.com\/index.php?rest_route=\/wp\/v2\/users\/3"}],"replies":[{"embeddable":true,"href":"https:\/\/diariodominicano.com\/index.php?rest_route=%2Fwp%2Fv2%2Fcomments&post=162180"}],"version-history":[{"count":0,"href":"https:\/\/diariodominicano.com\/index.php?rest_route=\/wp\/v2\/posts\/162180\/revisions"}],"wp:attachment":[{"href":"https:\/\/diariodominicano.com\/index.php?rest_route=%2Fwp%2Fv2%2Fmedia&parent=162180"}],"wp:term":[{"taxonomy":"category","embeddable":true,"href":"https:\/\/diariodominicano.com\/index.php?rest_route=%2Fwp%2Fv2%2Fcategories&post=162180"},{"taxonomy":"post_tag","embeddable":true,"href":"https:\/\/diariodominicano.com\/index.php?rest_route=%2Fwp%2Fv2%2Ftags&post=162180"}],"curies":[{"name":"wp","href":"https:\/\/api.w.org\/{rel}","templated":true}]}}