{"id":162177,"date":"2014-09-10T20:00:39","date_gmt":"2014-09-10T20:00:39","guid":{"rendered":"http:\/\/diariodominicano.ddns.net\/?p=162177"},"modified":"2014-09-10T20:00:39","modified_gmt":"2014-09-10T20:00:39","slug":"prsc-otorga-prorroga-de-inscripcion-de-candidaturas-para-primarias-de-la-jrsc","status":"publish","type":"post","link":"https:\/\/diariodominicano.com\/?p=162177","title":{"rendered":"&#13;&#13;PRSC otorga pr\u00f3rroga de inscripci\u00f3n de candidaturas para primarias de la JRSC"},"content":{"rendered":"<p><body><\/p>\n<p><img decoding=\"async\" src=\"img3\/amtun.jpg\" \/>  <\/p>\n<\/p>\n<p><span class=\"text1noticias\"> <\/span><\/p>\n<p><span class=\"text1noticias\">Santo Domingo, RD, 10 de septiembre.- El Partido Reformista Social Cristiano otorg\u00f3 la noche de este martes una pr\u00f3rroga para la inscripci\u00f3n de planchas y candidaturas en el proceso asambleario del Frente de la Juventud a celebrarse este mes de septiembre.<\/span><\/p>\n<\/p>\n<p><span class=\"text1noticias\">La decisi\u00f3n fue adoptada por las autoridades ejecutivas del PRSC, en una  reuni\u00f3n encabezada por el presidetente del partido, ingeniero Federico Ant\u00fan Batlle (Quique); el primer vicepresidente, Luis Bogaert, y los secretarios General, Ram\u00f3n Rogelio Genao; de Organizaci\u00f3n, Miguel Bogaert, de Asuntos Electorales, M\u00e1ximo Castro, as\u00ed como por Frank Mart\u00ednez, director Ejecutivo del Instituto de Formaci\u00f3n Pol\u00edtica (IFP) y el licenciado Sergio Cede\u00f1o, Asistente Ejecutivo del Presidente de la entidad pol\u00edtica.<\/span><\/p>\n<\/p>\n<p><span class=\"text1noticias\">Quique Ant\u00fan explic\u00f3 que se mantiene la fecha del 21 de septiembre para la realizaci\u00f3n de las primarias a nivel nacional y que la pr\u00f3rroga para inscribir planchas y candidaturas individuales a la Comisi\u00f3n Pol\u00edtica Nacional (CPN) y a la Comisi\u00f3n Ejecutiva (CE), vence el s\u00e1bado 13 de septiembre a las doce de la noche.<\/span><\/p>\n<\/p>\n<p><span class=\"text1noticias\">Resalt\u00f3 que el proceso de inscripci\u00f3n y formaci\u00f3n del padr\u00f3n de j\u00f3venes ha sido un rotundo \u00e9xito ya que se inscribieron 51 mil j\u00f3venes en todo el territorio nacional.<\/span><\/p>\n<\/p>\n<p><span class=\"text1noticias\">\u00abLa juventud se est\u00e1 empoderando del Partido Reformista. Felicito a todos los j\u00f3venes que han hecho posible el que cerremos el proceso de inscripci\u00f3n con m\u00e1s del triple de la meta proyectada\u00bb, indic\u00f3 el l\u00edder de los reformistas.<\/span><\/p>\n<\/p>\n<p><span class=\"text1noticias\">Explic\u00f3 que el pr\u00f3ximo 21 de septiembre se escoger\u00e1n 19 miembros de la juventud a la Comisi\u00f3n Pol\u00edtica Nacional y  57 miembros de la juventud a la Comisi\u00f3n Ejecutiva.<\/span><\/p>\n<\/p>\n<p><span class=\"text1noticias\">Tambi\u00e9n se elegir\u00e1 la directiva nacional de la Juventud Reformista Social Cristiana (JRSC), as\u00ed como las directivas municipales, de distritos municipales y de filiales del exterior.<\/span><\/p>\n<h6> 2014-09-10 20:00:39 <\/h6>\n<p><!--\n<link rel=\"stylesheet\" href=\"css\/bootstrap.min.css\">\n\n\n<ul class=\"pagination\">\n\t    \n\t\n\n<li >\n\t<a href='?page_no=14608'>Previous<\/a>\n\t<\/li>\n\n\n       \n    \n\n<li><a href='?page_no=1'>1<\/a><\/li>\n\n\n\n<li><a href='?page_no=2'>2<\/a><\/li>\n\n\n\n<li><a>...<\/a><\/li>\n\n\n\n<li><a href='?page_no=14607'>14607<\/a><\/li>\n\n\n\n<li><a href='?page_no=14608'>14608<\/a><\/li>\n\n\n\n<li class='active'><a>14609<\/a><\/li>\n\n\n\n<li><a href='?page_no=14610'>14610<\/a><\/li>\n\n\n\n<li><a href='?page_no=14611'>14611<\/a><\/li>\n\n\n\n<li><a>...<\/a><\/li>\n\n\n\n<li><a href='?page_no=36999'>36999<\/a><\/li>\n\n\n\n<li><a href='?page_no=37000'>37000<\/a><\/li>\n\n    \n\t\n\n<li >\n\t<a href='?page_no=14610'>Next<\/a>\n\t<\/li>\n\n\n    \n\n<li><a href='?page_no=37000'>Last &rsaquo;&rsaquo;<\/a><\/li>\n\n<\/ul>\n\n\n--><br \/>\n<\/body><\/p>\n","protected":false},"excerpt":{"rendered":"<p>Santo Domingo, RD, 10 de septiembre.- El Partido Reformista Social Cristiano otorg\u00f3 la noche de este martes una pr\u00f3rroga para la inscripci\u00f3n de planchas y candidaturas en el proceso asambleario del Frente de la Juventud a celebrarse este mes de septiembre. La decisi\u00f3n fue adoptada por las autoridades ejecutivas del PRSC, en una reuni\u00f3n encabezada [&hellip;]<\/p>\n","protected":false},"author":3,"featured_media":0,"comment_status":"open","ping_status":"open","sticky":false,"template":"","format":"standard","meta":{"footnotes":""},"categories":[22],"tags":[],"class_list":["post-162177","post","type-post","status-publish","format-standard","hentry","category-politica"],"_links":{"self":[{"href":"https:\/\/diariodominicano.com\/index.php?rest_route=\/wp\/v2\/posts\/162177","targetHints":{"allow":["GET"]}}],"collection":[{"href":"https:\/\/diariodominicano.com\/index.php?rest_route=\/wp\/v2\/posts"}],"about":[{"href":"https:\/\/diariodominicano.com\/index.php?rest_route=\/wp\/v2\/types\/post"}],"author":[{"embeddable":true,"href":"https:\/\/diariodominicano.com\/index.php?rest_route=\/wp\/v2\/users\/3"}],"replies":[{"embeddable":true,"href":"https:\/\/diariodominicano.com\/index.php?rest_route=%2Fwp%2Fv2%2Fcomments&post=162177"}],"version-history":[{"count":0,"href":"https:\/\/diariodominicano.com\/index.php?rest_route=\/wp\/v2\/posts\/162177\/revisions"}],"wp:attachment":[{"href":"https:\/\/diariodominicano.com\/index.php?rest_route=%2Fwp%2Fv2%2Fmedia&parent=162177"}],"wp:term":[{"taxonomy":"category","embeddable":true,"href":"https:\/\/diariodominicano.com\/index.php?rest_route=%2Fwp%2Fv2%2Fcategories&post=162177"},{"taxonomy":"post_tag","embeddable":true,"href":"https:\/\/diariodominicano.com\/index.php?rest_route=%2Fwp%2Fv2%2Ftags&post=162177"}],"curies":[{"name":"wp","href":"https:\/\/api.w.org\/{rel}","templated":true}]}}