{"id":162175,"date":"2014-09-10T22:25:09","date_gmt":"2014-09-10T22:25:09","guid":{"rendered":"http:\/\/diariodominicano.ddns.net\/?p=162175"},"modified":"2014-09-10T22:25:09","modified_gmt":"2014-09-10T22:25:09","slug":"leonel-fernandez-visitara-este-sabado-las-provincias-mariatrinidad-sanchez-y-duarte-2","status":"publish","type":"post","link":"https:\/\/diariodominicano.com\/?p=162175","title":{"rendered":"Leonel Fern\u00e1ndez visitar\u00e1 \u00e9ste s\u00e1bado las provincias Mar\u00edaTrinidad S\u00e1nchez y Duarte"},"content":{"rendered":"<p><body><\/p>\n<p><img decoding=\"async\" src=\"img3\/leonel.jpg\" \/>  <\/p>\n<p><span class=\"text1noticias\">Santo Domingo, RD, 10 de Septiembre.-El expresidente de la Rep\u00fablica y presidente del Partido de la Liberaci\u00f3n Dominicana (PLD), doctor Leonel Fern\u00e1ndez, visitar\u00e1 este s\u00e1bado las provincias Mar\u00eda Trinidad S\u00e1nchez y Duarte, en el marco de la cual recibir\u00e1 varios reconocimientos y encabezar\u00e1 encuentros con j\u00f3venes, mujeres y representantes de otros sectores sociales.<\/span><\/p>\n<\/p>\n<p><span class=\"text1noticias\">Los encuentros e realizar\u00e1n a partir de las 12:30 en el recinto de la Universidad Aut\u00f3noma de Santo Domingo (UASD) en Nagua, ciudad cabecera de la provincia Mar\u00eda Trinidad S\u00e1nchez, donde Fern\u00e1ndez recibir\u00e1 reconocimientos de parte de profesionales, transportistas, comunicadores y productores de la zona.<\/span><\/p>\n<\/p>\n<p><span class=\"text1noticias\">Los reconocimientos son en agradecimiento a los aportes hechos por el ex gobernante al desarrollo de la regi\u00f3n Nordeste en las tres ocasiones en que ha gobernado el pa\u00eds.<\/span><\/p>\n<\/p>\n<p><span class=\"text1noticias\">Tambi\u00e9n en Nagua, Fern\u00e1ndez encabezar\u00e1 un encuentro-almuerzo en la residencia del senador Aristides Victoria.<\/span><\/p>\n<\/p>\n<p><span class=\"text1noticias\">Luego, se trasladar\u00e1 a San Francisco de Macor\u00eds, municipio cabecera de la provincia Duarte, donde encabezar\u00e1 un encuentro pol\u00edtico en el parqueo de la Ciudad Ganadera. El encuentro es organizado por la Sociedad Rural de Leonel (Sorudel), movimiento que apoya su eventual candidatura a la presidencia, integrado por productores agropecuarios.<\/span><\/p>\n<\/p>\n<p><span class=\"text1noticias\">Se espera que a esos encuentros asistan legisladores, alcaldes, regidores, ex funcionarios gubernamentales y dirigentes regionales, provinciales y municipales del PLD.<\/span><\/p>\n<\/p>\n<p><span class=\"text1noticias\">Seg\u00fan los \u00faltimos sondeos de opini\u00f3n, el expresidente Fern\u00e1ndez es el favorito para ganar las elecciones en el a\u00f1o 2016, en caso de que decida optar por la candidatura presidencial.(HG)<\/span>.<\/p>\n<h6> 2014-09-10 22:25:09 <\/h6>\n<p><!--\n<link rel=\"stylesheet\" href=\"css\/bootstrap.min.css\">\n\n\n<ul class=\"pagination\">\n\t    \n\t\n\n<li >\n\t<a href='?page_no=14606'>Previous<\/a>\n\t<\/li>\n\n\n       \n    \n\n<li><a href='?page_no=1'>1<\/a><\/li>\n\n\n\n<li><a href='?page_no=2'>2<\/a><\/li>\n\n\n\n<li><a>...<\/a><\/li>\n\n\n\n<li><a href='?page_no=14605'>14605<\/a><\/li>\n\n\n\n<li><a href='?page_no=14606'>14606<\/a><\/li>\n\n\n\n<li class='active'><a>14607<\/a><\/li>\n\n\n\n<li><a href='?page_no=14608'>14608<\/a><\/li>\n\n\n\n<li><a href='?page_no=14609'>14609<\/a><\/li>\n\n\n\n<li><a>...<\/a><\/li>\n\n\n\n<li><a href='?page_no=36999'>36999<\/a><\/li>\n\n\n\n<li><a href='?page_no=37000'>37000<\/a><\/li>\n\n    \n\t\n\n<li >\n\t<a href='?page_no=14608'>Next<\/a>\n\t<\/li>\n\n\n    \n\n<li><a href='?page_no=37000'>Last &rsaquo;&rsaquo;<\/a><\/li>\n\n<\/ul>\n\n\n--><br \/>\n<\/body><\/p>\n","protected":false},"excerpt":{"rendered":"<p>Santo Domingo, RD, 10 de Septiembre.-El expresidente de la Rep\u00fablica y presidente del Partido de la Liberaci\u00f3n Dominicana (PLD), doctor Leonel Fern\u00e1ndez, visitar\u00e1 este s\u00e1bado las provincias Mar\u00eda Trinidad S\u00e1nchez y Duarte, en el marco de la cual recibir\u00e1 varios reconocimientos y encabezar\u00e1 encuentros con j\u00f3venes, mujeres y representantes de otros sectores sociales. Los encuentros [&hellip;]<\/p>\n","protected":false},"author":3,"featured_media":0,"comment_status":"open","ping_status":"open","sticky":false,"template":"","format":"standard","meta":{"footnotes":""},"categories":[22],"tags":[],"class_list":["post-162175","post","type-post","status-publish","format-standard","hentry","category-politica"],"_links":{"self":[{"href":"https:\/\/diariodominicano.com\/index.php?rest_route=\/wp\/v2\/posts\/162175","targetHints":{"allow":["GET"]}}],"collection":[{"href":"https:\/\/diariodominicano.com\/index.php?rest_route=\/wp\/v2\/posts"}],"about":[{"href":"https:\/\/diariodominicano.com\/index.php?rest_route=\/wp\/v2\/types\/post"}],"author":[{"embeddable":true,"href":"https:\/\/diariodominicano.com\/index.php?rest_route=\/wp\/v2\/users\/3"}],"replies":[{"embeddable":true,"href":"https:\/\/diariodominicano.com\/index.php?rest_route=%2Fwp%2Fv2%2Fcomments&post=162175"}],"version-history":[{"count":0,"href":"https:\/\/diariodominicano.com\/index.php?rest_route=\/wp\/v2\/posts\/162175\/revisions"}],"wp:attachment":[{"href":"https:\/\/diariodominicano.com\/index.php?rest_route=%2Fwp%2Fv2%2Fmedia&parent=162175"}],"wp:term":[{"taxonomy":"category","embeddable":true,"href":"https:\/\/diariodominicano.com\/index.php?rest_route=%2Fwp%2Fv2%2Fcategories&post=162175"},{"taxonomy":"post_tag","embeddable":true,"href":"https:\/\/diariodominicano.com\/index.php?rest_route=%2Fwp%2Fv2%2Ftags&post=162175"}],"curies":[{"name":"wp","href":"https:\/\/api.w.org\/{rel}","templated":true}]}}