{"id":162174,"date":"2014-09-10T23:15:23","date_gmt":"2014-09-10T23:15:23","guid":{"rendered":"http:\/\/diariodominicano.ddns.net\/?p=162174"},"modified":"2014-09-10T23:15:23","modified_gmt":"2014-09-10T23:15:23","slug":"niega-se-haya-sugerido-nuevo-nombre-al-partido-revolucionario-moderno-ni-que-hubo-pacto-en-ese-sentido","status":"publish","type":"post","link":"https:\/\/diariodominicano.com\/?p=162174","title":{"rendered":"Niega se haya sugerido nuevo nombre al Partido Revolucionario Moderno ni que hubo pacto en ese sentido"},"content":{"rendered":"<p><body><\/p>\n<p><img decoding=\"async\" src=\"img3\/felix.jpg\" \/>  <\/p>\n<p><span class=\"text1noticias\">Santo Domingo, RD, 10 de Septiembre.-El Director de Comunicaciones de la Junta Central Electoral rechaz\u00f3 que esa instituci\u00f3n haya sugerido nombre alguno para el cambio solicitado en ese sentido por el Partido Alianza Social Dominicana por el de Partido Revolucionario Mayoritario y mucho menos haber accedido a presiones en ning\u00fan tipo en ese sentido.<\/span><\/p>\n<\/p>\n<p><span class=\"text1noticias\">El periodista F\u00e9lix Reyna dijo que tambi\u00e9n rechaza el que el Pleno de la Junta Central Electoral haya actuado en cumplimiento de \u00abuna l\u00ednea pol\u00edtica\u00bb en ese sentido como denunci\u00f3 el delegado pol\u00edtico ante la Junta Central Electoral del Partido Revolucionario Moderno, doctor Jos\u00e9 Marte Piantini.<\/span><\/p>\n<\/p>\n<p><span class=\"text1noticias\">Expres\u00f3 que en torno a la solicitud de cambio de nombre de la ASD se procedi\u00f3 con el procedimiento de ley que establece la celebraci\u00f3n de una audiencia p\u00fablica con los delegados de los partidos pol\u00edticos y que las exposiciones de cada uno de los representantes partidistas fueron p\u00fablicas, con oposiciones y adherencias.<\/span><\/p>\n<\/p>\n<p><span class=\"text1noticias\">Ante esa situaci\u00f3n, contin\u00faa diciendo F\u00e9lix Reyna, \u00abel Presidente de la Junta Central Electoral, doctor Roberto Rosario M\u00e1rquez hizo lo que siempre hace en situaciones similares, como fue la creaci\u00f3n de una comisi\u00f3n, de la cual fui parte, para propiciar un ambiente de dialogo entre quienes adversan el nuevo nombre solicitado y sus proponentes\u00bb. <\/span><\/p>\n<\/p>\n<p><span class=\"text1noticias\">Los partidos que se opusieron al uso del t\u00e9rmino \u00abMayoritario\u00bb en el cambio de nombre lo hicieron p\u00fablicamente y se expresaron de la misma manera en que lo hicieron las agrupaciones que lo apoyaron.<\/span><\/p>\n<\/p>\n<p><span class=\"text1noticias\">Resalt\u00f3 que el Pleno de la Junta Central Electoral lo que hizo el pasado martes fue acoger en todas sus partes el contenido de una comunicaci\u00f3n de las autoridades de la Alianza Social Dominicana, incluyendo al delegado pol\u00edtico, doctor Marte Piantini, en la que informaron haber decidido cambiar el t\u00e9rmino \u00abMayoritario\u00bb por el de \u00abModerno\u00bb, lo cual se hizo sin que existiera pacto o acuerdo. Agreg\u00f3 que al Partido Revolucionario Moderno (PRM) se le aprob\u00f3 adem\u00e1s todas sus solicitudes de banderas, s\u00edmbolos, colores, lemas, entre otros.<\/span><\/p>\n<\/p>\n<p><span class=\"text1noticias\">El director de Comunicaciones de la Junta Central Electoral  dijo que con esta aclaraci\u00f3n lo que busca es que no haya ninguna dudas en el sentido de la JCE no propuso nunca nombre alguno a la Alianza Social Dominicana, ni lo sugiri\u00f3, ni actu\u00f3 en base a presiones de nadie y mucho menos acogiendo o recibiendo l\u00ednea de ning\u00fan partido ni del gobierno.(HG)<\/span>.<\/p>\n<\/p>\n<h6> 2014-09-10 23:15:23 <\/h6>\n<p><!--\n<link rel=\"stylesheet\" href=\"css\/bootstrap.min.css\">\n\n\n<ul class=\"pagination\">\n\t    \n\t\n\n<li >\n\t<a href='?page_no=14605'>Previous<\/a>\n\t<\/li>\n\n\n       \n    \n\n<li><a href='?page_no=1'>1<\/a><\/li>\n\n\n\n<li><a href='?page_no=2'>2<\/a><\/li>\n\n\n\n<li><a>...<\/a><\/li>\n\n\n\n<li><a href='?page_no=14604'>14604<\/a><\/li>\n\n\n\n<li><a href='?page_no=14605'>14605<\/a><\/li>\n\n\n\n<li class='active'><a>14606<\/a><\/li>\n\n\n\n<li><a href='?page_no=14607'>14607<\/a><\/li>\n\n\n\n<li><a href='?page_no=14608'>14608<\/a><\/li>\n\n\n\n<li><a>...<\/a><\/li>\n\n\n\n<li><a href='?page_no=36999'>36999<\/a><\/li>\n\n\n\n<li><a href='?page_no=37000'>37000<\/a><\/li>\n\n    \n\t\n\n<li >\n\t<a href='?page_no=14607'>Next<\/a>\n\t<\/li>\n\n\n    \n\n<li><a href='?page_no=37000'>Last &rsaquo;&rsaquo;<\/a><\/li>\n\n<\/ul>\n\n\n--><br \/>\n<\/body><\/p>\n","protected":false},"excerpt":{"rendered":"<p>Santo Domingo, RD, 10 de Septiembre.-El Director de Comunicaciones de la Junta Central Electoral rechaz\u00f3 que esa instituci\u00f3n haya sugerido nombre alguno para el cambio solicitado en ese sentido por el Partido Alianza Social Dominicana por el de Partido Revolucionario Mayoritario y mucho menos haber accedido a presiones en ning\u00fan tipo en ese sentido. El [&hellip;]<\/p>\n","protected":false},"author":3,"featured_media":0,"comment_status":"open","ping_status":"open","sticky":false,"template":"","format":"standard","meta":{"footnotes":""},"categories":[22],"tags":[],"class_list":["post-162174","post","type-post","status-publish","format-standard","hentry","category-politica"],"_links":{"self":[{"href":"https:\/\/diariodominicano.com\/index.php?rest_route=\/wp\/v2\/posts\/162174","targetHints":{"allow":["GET"]}}],"collection":[{"href":"https:\/\/diariodominicano.com\/index.php?rest_route=\/wp\/v2\/posts"}],"about":[{"href":"https:\/\/diariodominicano.com\/index.php?rest_route=\/wp\/v2\/types\/post"}],"author":[{"embeddable":true,"href":"https:\/\/diariodominicano.com\/index.php?rest_route=\/wp\/v2\/users\/3"}],"replies":[{"embeddable":true,"href":"https:\/\/diariodominicano.com\/index.php?rest_route=%2Fwp%2Fv2%2Fcomments&post=162174"}],"version-history":[{"count":0,"href":"https:\/\/diariodominicano.com\/index.php?rest_route=\/wp\/v2\/posts\/162174\/revisions"}],"wp:attachment":[{"href":"https:\/\/diariodominicano.com\/index.php?rest_route=%2Fwp%2Fv2%2Fmedia&parent=162174"}],"wp:term":[{"taxonomy":"category","embeddable":true,"href":"https:\/\/diariodominicano.com\/index.php?rest_route=%2Fwp%2Fv2%2Fcategories&post=162174"},{"taxonomy":"post_tag","embeddable":true,"href":"https:\/\/diariodominicano.com\/index.php?rest_route=%2Fwp%2Fv2%2Ftags&post=162174"}],"curies":[{"name":"wp","href":"https:\/\/api.w.org\/{rel}","templated":true}]}}