{"id":162173,"date":"2014-09-11T14:40:34","date_gmt":"2014-09-11T14:40:34","guid":{"rendered":"http:\/\/diariodominicano.ddns.net\/?p=162173"},"modified":"2014-09-11T14:40:34","modified_gmt":"2014-09-11T14:40:34","slug":"diputada-minou-tavarez-anuncia-creacion-de-un-nuevo-partido-politico","status":"publish","type":"post","link":"https:\/\/diariodominicano.com\/?p=162173","title":{"rendered":"Diputada Minou Tav\u00e1rez  anuncia creaci\u00f3n de un nuevo partido pol\u00edtico"},"content":{"rendered":"<p><body><\/p>\n<p><img decoding=\"async\" src=\"img3\/minou 11.jpg\" \/>  <\/p>\n<p>Santo Domingo RD 11 septiembre &#8211; La diputada Minou Tav\u00e1rez Mirabal, anunci\u00f3 que hoy inicia una serie de \u00abDi\u00e1logos Pol\u00edticos y Sociales\u00bb a trav\u00e9s de los cuales analizar\u00e1 la situaci\u00f3n nacional con amplios sectores de la vida econ\u00f3mica, pol\u00edtica y social del pa\u00eds.<\/p>\n<\/p>\n<p>El objetivo principal de los Di\u00e1logos ser\u00e1 la eventual creaci\u00f3n de un partido pol\u00edtico nuevo que atraer\u00e1 a \u00abpersonas comprometidas con la democracia, con un ejercicio \u00e9tico de la pol\u00edtica, sin colas que le pisen\u00bb, explic\u00f3 la diputada en una entrevista en un programa matutino.<\/p>\n<\/p>\n<p>Explic\u00f3 que ser\u00e1 en los pr\u00f3ximos meses cuando dar\u00e1 a conocer en detalle la formaci\u00f3n de este proyecto pol\u00edtico. \u00abYo me compromet\u00ed a seguir en la pol\u00edtica, y voy a recorrer el pa\u00eds escuchando y conversando con el pueblo dominicano a trav\u00e9s de estos Di\u00e1logos. <\/p>\n<\/p>\n<p>El primero de ellos arranc\u00f3 la noche del jueves en el encuentro  organizado por el grupo c\u00edvico ?Santiago Somos Todos?\u00bb. El segundo Di\u00e1logo se celebrar\u00e1 el pr\u00f3ximo domingo, 14 de septiembre, en Villa Mella. <\/p>\n<\/p>\n<p>Durante la entrevista, Minou Tav\u00e1rez se refiri\u00f3 a la propuesta planteada por el Partido de la Liberaci\u00f3n Dominicana de que los cargos electivos pertenecen al Partido.  Asegur\u00f3 que esa posici\u00f3n forma parte de un proyecto autoritario de largo alcance intentado durante la reforma constitucional en el Pacto de las Corbatas Azules suscrito por los presidentes del PLD y PRD, respectivamente.<\/p>\n<\/p>\n<p>La diputada present\u00f3 renuncia formal del PLD el pasado 21 de mayo, argumentando que el organismo pol\u00edtico se hab\u00eda alejado de los principios y valores que ella defiende.<\/p>\n<\/p>\n<p>\u00abM\u00e1s que afectar mi condici\u00f3n de legisladora elegida por el voto soberano y libre del pueblo de la capital,  lo que se persigue es aprobar  una ley de partidos pol\u00edticos que violando la Constituci\u00f3n pretende establecer que los cargos pertenecen a los partidos y no a los representantes elegidos\u00bb, apunt\u00f3 la diputada.<\/p>\n<\/p>\n<p>Resalt\u00f3 que el poder lo ejerce soberanamente el pueblo a trav\u00e9s de representantes elegidos por voto universal, directo y secreto.   En ninguna parte de la Constituci\u00f3n se dice que los partidos son los representantes del pueblo\u00bb.<\/p>\n<\/p>\n<p>Dijo que la sociedad no puede permitir que se apruebe una la ley de partidos que deteriore m\u00e1s la ya d\u00e9bil democracia que tenemos. <\/p>\n<\/p>\n<p>\u00abAqu\u00ed no se elige el Congreso por planchas. La gente vot\u00f3 por Minou en una boleta del PLD y no por otros del mismo partido que tambi\u00e9n estaban en la boleta\u00bb.<\/p>\n<\/p>\n<h6> 2014-09-11 14:40:34 <\/h6>\n<p><!--\n<link rel=\"stylesheet\" href=\"css\/bootstrap.min.css\">\n\n\n<ul class=\"pagination\">\n\t    \n\t\n\n<li >\n\t<a href='?page_no=14604'>Previous<\/a>\n\t<\/li>\n\n\n       \n    \n\n<li><a href='?page_no=1'>1<\/a><\/li>\n\n\n\n<li><a href='?page_no=2'>2<\/a><\/li>\n\n\n\n<li><a>...<\/a><\/li>\n\n\n\n<li><a href='?page_no=14603'>14603<\/a><\/li>\n\n\n\n<li><a href='?page_no=14604'>14604<\/a><\/li>\n\n\n\n<li class='active'><a>14605<\/a><\/li>\n\n\n\n<li><a href='?page_no=14606'>14606<\/a><\/li>\n\n\n\n<li><a href='?page_no=14607'>14607<\/a><\/li>\n\n\n\n<li><a>...<\/a><\/li>\n\n\n\n<li><a href='?page_no=36999'>36999<\/a><\/li>\n\n\n\n<li><a href='?page_no=37000'>37000<\/a><\/li>\n\n    \n\t\n\n<li >\n\t<a href='?page_no=14606'>Next<\/a>\n\t<\/li>\n\n\n    \n\n<li><a href='?page_no=37000'>Last &rsaquo;&rsaquo;<\/a><\/li>\n\n<\/ul>\n\n\n--><br \/>\n<\/body><\/p>\n","protected":false},"excerpt":{"rendered":"<p>Santo Domingo RD 11 septiembre &#8211; La diputada Minou Tav\u00e1rez Mirabal, anunci\u00f3 que hoy inicia una serie de \u00abDi\u00e1logos Pol\u00edticos y Sociales\u00bb a trav\u00e9s de los cuales analizar\u00e1 la situaci\u00f3n nacional con amplios sectores de la vida econ\u00f3mica, pol\u00edtica y social del pa\u00eds. El objetivo principal de los Di\u00e1logos ser\u00e1 la eventual creaci\u00f3n de un [&hellip;]<\/p>\n","protected":false},"author":3,"featured_media":0,"comment_status":"open","ping_status":"open","sticky":false,"template":"","format":"standard","meta":{"footnotes":""},"categories":[22],"tags":[],"class_list":["post-162173","post","type-post","status-publish","format-standard","hentry","category-politica"],"_links":{"self":[{"href":"https:\/\/diariodominicano.com\/index.php?rest_route=\/wp\/v2\/posts\/162173","targetHints":{"allow":["GET"]}}],"collection":[{"href":"https:\/\/diariodominicano.com\/index.php?rest_route=\/wp\/v2\/posts"}],"about":[{"href":"https:\/\/diariodominicano.com\/index.php?rest_route=\/wp\/v2\/types\/post"}],"author":[{"embeddable":true,"href":"https:\/\/diariodominicano.com\/index.php?rest_route=\/wp\/v2\/users\/3"}],"replies":[{"embeddable":true,"href":"https:\/\/diariodominicano.com\/index.php?rest_route=%2Fwp%2Fv2%2Fcomments&post=162173"}],"version-history":[{"count":0,"href":"https:\/\/diariodominicano.com\/index.php?rest_route=\/wp\/v2\/posts\/162173\/revisions"}],"wp:attachment":[{"href":"https:\/\/diariodominicano.com\/index.php?rest_route=%2Fwp%2Fv2%2Fmedia&parent=162173"}],"wp:term":[{"taxonomy":"category","embeddable":true,"href":"https:\/\/diariodominicano.com\/index.php?rest_route=%2Fwp%2Fv2%2Fcategories&post=162173"},{"taxonomy":"post_tag","embeddable":true,"href":"https:\/\/diariodominicano.com\/index.php?rest_route=%2Fwp%2Fv2%2Ftags&post=162173"}],"curies":[{"name":"wp","href":"https:\/\/api.w.org\/{rel}","templated":true}]}}