{"id":162171,"date":"2014-09-11T20:12:35","date_gmt":"2014-09-11T20:12:35","guid":{"rendered":"http:\/\/diariodominicano.ddns.net\/?p=162171"},"modified":"2014-09-11T20:12:35","modified_gmt":"2014-09-11T20:12:35","slug":"miembros-del-cc-del-pld-depositan-ofrenda-floral-en-honor-al-4to-aniversario-de-la-muerte-de-santamaria","status":"publish","type":"post","link":"https:\/\/diariodominicano.com\/?p=162171","title":{"rendered":"Miembros del CC del PLD depositan ofrenda floral en honor al 4to aniversario de la muerte de Santamar\u00eda"},"content":{"rendered":"<p><body><\/p>\n<p><img decoding=\"async\" src=\"img3\/ofrenda.jpg\" \/><br \/><img decoding=\"async\" src=\"img3\/minaya.jpg\" \/>  <\/p>\n<\/p>\n<p><span class=\"text1noticias\">Santo Domingo, RD, 11 de septiembre.- Un d\u00eda como hoy del a\u00f1o 2010, el Partido de la Liberaci\u00f3n Dominicana y el pa\u00eds sufrieron  la p\u00e9rdida de un gran ser humano que con su accionar supo  guiar a sus disc\u00edpulos dentro del partido por el camino de la obediencia, el respecto a la soberan\u00eda, la dignidad y sobre todo al quehacer pol\u00edtico dentro y fuera del pa\u00eds.<\/span><\/p>\n<\/p>\n<p><span class=\"text1noticias\">El ingeniero Jorge Minaya y el doctor en derecho Donny Santana, ambos miembros  del Comit\u00e9 Central del PLD, junto a otros dirigentes y miembros depositaron una ofrenda floral donde descansan los restos del fenecido  miembro del PLD, Juan Francisco Santamar\u00eda.<\/span><\/p>\n<\/p>\n<p><span class=\"text1noticias\">Minaya resalt\u00f3 algunas de las cualidades que hicieron a Santamar\u00eda, una persona de un accionar intachable y digno de admiraci\u00f3n, tambi\u00e9n fue un padre pol\u00edtico ejemplar, aparte de ser una persona muy humanitaria que nunca le cerr\u00f3 las puertas a ninguna persona que necesitara de sus  servicios.<\/span><\/p>\n<\/p>\n<p><span class=\"text1noticias\">Santamar\u00eda al momento de su fallecimiento era miembro del comit\u00e9 central del PLD, adem\u00e1s de ser fundador del Partido de la Liberaci\u00f3n Dominicana junto al profesor Juan Bosch,  este se destac\u00f3 por su gran temperamento conciliador y grandes conocimientos sobre pol\u00edtica internacional, as\u00ed como una capacidad incre\u00edble para ser empat\u00eda con los m\u00e1s j\u00f3venes del partido.<\/span><\/p>\n<\/p>\n<p><span class=\"text1noticias\">Los restos de Juan Francisco Santamar\u00eda reposan en el Cementerio Puerta del Cielo, ubicado en el kil\u00f3metro 22 de la autopista duarte.<\/span><\/p>\n<h6> 2014-09-11 20:12:35 <\/h6>\n<p><!--\n<link rel=\"stylesheet\" href=\"css\/bootstrap.min.css\">\n\n\n<ul class=\"pagination\">\n\t    \n\t\n\n<li >\n\t<a href='?page_no=14602'>Previous<\/a>\n\t<\/li>\n\n\n       \n    \n\n<li><a href='?page_no=1'>1<\/a><\/li>\n\n\n\n<li><a href='?page_no=2'>2<\/a><\/li>\n\n\n\n<li><a>...<\/a><\/li>\n\n\n\n<li><a href='?page_no=14601'>14601<\/a><\/li>\n\n\n\n<li><a href='?page_no=14602'>14602<\/a><\/li>\n\n\n\n<li class='active'><a>14603<\/a><\/li>\n\n\n\n<li><a href='?page_no=14604'>14604<\/a><\/li>\n\n\n\n<li><a href='?page_no=14605'>14605<\/a><\/li>\n\n\n\n<li><a>...<\/a><\/li>\n\n\n\n<li><a href='?page_no=36999'>36999<\/a><\/li>\n\n\n\n<li><a href='?page_no=37000'>37000<\/a><\/li>\n\n    \n\t\n\n<li >\n\t<a href='?page_no=14604'>Next<\/a>\n\t<\/li>\n\n\n    \n\n<li><a href='?page_no=37000'>Last &rsaquo;&rsaquo;<\/a><\/li>\n\n<\/ul>\n\n\n--><br \/>\n<\/body><\/p>\n","protected":false},"excerpt":{"rendered":"<p>Santo Domingo, RD, 11 de septiembre.- Un d\u00eda como hoy del a\u00f1o 2010, el Partido de la Liberaci\u00f3n Dominicana y el pa\u00eds sufrieron la p\u00e9rdida de un gran ser humano que con su accionar supo guiar a sus disc\u00edpulos dentro del partido por el camino de la obediencia, el respecto a la soberan\u00eda, la dignidad [&hellip;]<\/p>\n","protected":false},"author":3,"featured_media":0,"comment_status":"open","ping_status":"open","sticky":false,"template":"","format":"standard","meta":{"footnotes":""},"categories":[22],"tags":[],"class_list":["post-162171","post","type-post","status-publish","format-standard","hentry","category-politica"],"_links":{"self":[{"href":"https:\/\/diariodominicano.com\/index.php?rest_route=\/wp\/v2\/posts\/162171","targetHints":{"allow":["GET"]}}],"collection":[{"href":"https:\/\/diariodominicano.com\/index.php?rest_route=\/wp\/v2\/posts"}],"about":[{"href":"https:\/\/diariodominicano.com\/index.php?rest_route=\/wp\/v2\/types\/post"}],"author":[{"embeddable":true,"href":"https:\/\/diariodominicano.com\/index.php?rest_route=\/wp\/v2\/users\/3"}],"replies":[{"embeddable":true,"href":"https:\/\/diariodominicano.com\/index.php?rest_route=%2Fwp%2Fv2%2Fcomments&post=162171"}],"version-history":[{"count":0,"href":"https:\/\/diariodominicano.com\/index.php?rest_route=\/wp\/v2\/posts\/162171\/revisions"}],"wp:attachment":[{"href":"https:\/\/diariodominicano.com\/index.php?rest_route=%2Fwp%2Fv2%2Fmedia&parent=162171"}],"wp:term":[{"taxonomy":"category","embeddable":true,"href":"https:\/\/diariodominicano.com\/index.php?rest_route=%2Fwp%2Fv2%2Fcategories&post=162171"},{"taxonomy":"post_tag","embeddable":true,"href":"https:\/\/diariodominicano.com\/index.php?rest_route=%2Fwp%2Fv2%2Ftags&post=162171"}],"curies":[{"name":"wp","href":"https:\/\/api.w.org\/{rel}","templated":true}]}}