{"id":162170,"date":"2014-09-11T20:22:14","date_gmt":"2014-09-11T20:22:14","guid":{"rendered":"http:\/\/diariodominicano.ddns.net\/?p=162170"},"modified":"2014-09-11T20:22:14","modified_gmt":"2014-09-11T20:22:14","slug":"el-pqdc-juramenta-mas-300-dirigentes-del-prm","status":"publish","type":"post","link":"https:\/\/diariodominicano.com\/?p=162170","title":{"rendered":"&#13;&#13;El PQDC juramenta m\u00e1s 300 dirigentes del PRM"},"content":{"rendered":"<p><body><\/p>\n<p><img decoding=\"async\" src=\"img3\/elias.jpg\" \/>  <\/p>\n<\/p>\n<p><span class=\"text1noticias\">     <\/span><\/p>\n<p><span class=\"text1noticias\"> <\/span><\/p>\n<p><span class=\"text1noticias\">Santo Domingo, RD, 11 de septiembre.-El presidente del Partido Quisqueyanos Dem\u00f3crata Cristiano (PQDC), doctor  El\u00edas Wessin Ch\u00e1vez, juramento este mi\u00e9rcoles m\u00e1s de trescientos dirigentes pol\u00edticos que pertenec\u00edan al Partido Revolucionario Moderno (PRM) ,que lidera el ex presidente Hip\u00f3lito Mej\u00eda y Lu\u00eds Abinader.<\/span><\/p>\n<p><span class=\"text1noticias\">       <\/span><\/p>\n<p><span class=\"text1noticias\">Los dirigentes juramentados en el PQDC se comprometieron a trabajar por el fortalecimiento de las bases del partido amarrillo y adem\u00e1s apoyar al precandidato a diputado de la Circunscripci\u00f3n 3 del Distrito Nacional, licenciado Pedro Comas.<\/span><\/p>\n<p><span class=\"text1noticias\">      <\/span><\/p>\n<p><span class=\"text1noticias\">Wessin Ch\u00e1vez, recibi\u00f3 con un fuerte aplauso a los ex dirigentes del PRM que hoy decidieron trabajar a favor del PQDC porque es la \u00fanica organizaci\u00f3n que representa la verdadera esperanza de los dominicanos.<\/span><\/p>\n<p><span class=\"text1noticias\">    <\/span><\/p>\n<p><span class=\"text1noticias\">Manifest\u00f3 que las puertas del PQDC est\u00e1n abiertas para todos y todas aquellos ciudadanos que est\u00e1n casando de las promesas incumplidas de los partidos tradicionales.<\/span><\/p>\n<p><span class=\"text1noticias\">   <\/span><\/p>\n<p><span class=\"text1noticias\">El doctor El\u00edas Wessin Ch\u00e1vez, dijo sentirse regocijado con la llegada de esos 300 nuevos miembros que decidieron PQDC apoyar de manera incondicional los trabajos que viene realizando esa organizaci\u00f3n con mira a las elecciones generales del a\u00f1o2016.<\/span><\/p>\n<\/p>\n<h6> 2014-09-11 20:22:14 <\/h6>\n<p><!--\n<link rel=\"stylesheet\" href=\"css\/bootstrap.min.css\">\n\n\n<ul class=\"pagination\">\n\t    \n\t\n\n<li >\n\t<a href='?page_no=14601'>Previous<\/a>\n\t<\/li>\n\n\n       \n    \n\n<li><a href='?page_no=1'>1<\/a><\/li>\n\n\n\n<li><a href='?page_no=2'>2<\/a><\/li>\n\n\n\n<li><a>...<\/a><\/li>\n\n\n\n<li><a href='?page_no=14600'>14600<\/a><\/li>\n\n\n\n<li><a href='?page_no=14601'>14601<\/a><\/li>\n\n\n\n<li class='active'><a>14602<\/a><\/li>\n\n\n\n<li><a href='?page_no=14603'>14603<\/a><\/li>\n\n\n\n<li><a href='?page_no=14604'>14604<\/a><\/li>\n\n\n\n<li><a>...<\/a><\/li>\n\n\n\n<li><a href='?page_no=36999'>36999<\/a><\/li>\n\n\n\n<li><a href='?page_no=37000'>37000<\/a><\/li>\n\n    \n\t\n\n<li >\n\t<a href='?page_no=14603'>Next<\/a>\n\t<\/li>\n\n\n    \n\n<li><a href='?page_no=37000'>Last &rsaquo;&rsaquo;<\/a><\/li>\n\n<\/ul>\n\n\n--><br \/>\n<\/body><\/p>\n","protected":false},"excerpt":{"rendered":"<p>Santo Domingo, RD, 11 de septiembre.-El presidente del Partido Quisqueyanos Dem\u00f3crata Cristiano (PQDC), doctor El\u00edas Wessin Ch\u00e1vez, juramento este mi\u00e9rcoles m\u00e1s de trescientos dirigentes pol\u00edticos que pertenec\u00edan al Partido Revolucionario Moderno (PRM) ,que lidera el ex presidente Hip\u00f3lito Mej\u00eda y Lu\u00eds Abinader. Los dirigentes juramentados en el PQDC se comprometieron a trabajar por el fortalecimiento [&hellip;]<\/p>\n","protected":false},"author":3,"featured_media":0,"comment_status":"open","ping_status":"open","sticky":false,"template":"","format":"standard","meta":{"footnotes":""},"categories":[22],"tags":[],"class_list":["post-162170","post","type-post","status-publish","format-standard","hentry","category-politica"],"_links":{"self":[{"href":"https:\/\/diariodominicano.com\/index.php?rest_route=\/wp\/v2\/posts\/162170","targetHints":{"allow":["GET"]}}],"collection":[{"href":"https:\/\/diariodominicano.com\/index.php?rest_route=\/wp\/v2\/posts"}],"about":[{"href":"https:\/\/diariodominicano.com\/index.php?rest_route=\/wp\/v2\/types\/post"}],"author":[{"embeddable":true,"href":"https:\/\/diariodominicano.com\/index.php?rest_route=\/wp\/v2\/users\/3"}],"replies":[{"embeddable":true,"href":"https:\/\/diariodominicano.com\/index.php?rest_route=%2Fwp%2Fv2%2Fcomments&post=162170"}],"version-history":[{"count":0,"href":"https:\/\/diariodominicano.com\/index.php?rest_route=\/wp\/v2\/posts\/162170\/revisions"}],"wp:attachment":[{"href":"https:\/\/diariodominicano.com\/index.php?rest_route=%2Fwp%2Fv2%2Fmedia&parent=162170"}],"wp:term":[{"taxonomy":"category","embeddable":true,"href":"https:\/\/diariodominicano.com\/index.php?rest_route=%2Fwp%2Fv2%2Fcategories&post=162170"},{"taxonomy":"post_tag","embeddable":true,"href":"https:\/\/diariodominicano.com\/index.php?rest_route=%2Fwp%2Fv2%2Ftags&post=162170"}],"curies":[{"name":"wp","href":"https:\/\/api.w.org\/{rel}","templated":true}]}}